{"id":33466,"date":"2015-11-13T16:34:44","date_gmt":"2015-11-13T14:34:44","guid":{"rendered":"http:\/\/sana.sy\/es\/?p=33466"},"modified":"2023-01-09T14:09:39","modified_gmt":"2023-01-09T12:09:39","slug":"la-delegacion-francesa-vista-la-ciudad-de-maloula-y-heridos-del-ejercito-en-el-hospital-militar-tishreen","status":"publish","type":"post","link":"https:\/\/archive.sana.sy\/es\/?p=33466","title":{"rendered":"La delegaci\u00f3n francesa vista la ciudad de Maloula y heridos del ej\u00e9rcito en el hospital militar Tishreen"},"content":{"rendered":"<p style=\"text-align: justify\"><span style=\"color: #800000\">Damasco campo, SANA<\/span>&#8211; La delegaci\u00f3n parlamentaria y medi\u00e1tica francesa que se encuentra actualmente en Siria, realiz\u00f3 hoy una visita a la ciudad de Maloula en las afueras de Damasco, la delegaci\u00f3n fue informada de la gran destrucci\u00f3n infligida por los grupos terroristas armados contra la ciudad, donde la delegaci\u00f3n confirm\u00f3 su solidaridad con el pueblo sirio en la lucha contra el terrorismo.<\/p>\n<p style=\"text-align: justify\">En sus declaraciones a la prensa el presidente de la delegaci\u00f3n \/ Thierry Mariani \/ dijo \u201cel objetivo principal de la visita es para mostrar nuestra solidaridad con el pueblo sirio en su lucha contra el terrorismo\u201d, destacando la importancia de intensificar los esfuerzos internacionales para combatir esta amenaza.<\/p>\n<p style=\"text-align: justify\">Mariani a\u00f1adi\u00f3 que la coordinaci\u00f3n actual entre las fuerzas a\u00e9reas rusas y el Ej\u00e9rcito \u00c1rabe Sirio lograron grandes \u00e9xitos en la lucha contra el terrorismo, al contrario de las operaciones realizadas por la coalici\u00f3n internacional liderada por Estados Unidos que a lo largo de un a\u00f1o y medio no ha conseguido los resultados esperados.<\/p>\n<p style=\"text-align: justify\">A su vez, el miembro de la Asamblea Nacional de Francia, Nicolas Dweik, lament\u00f3 la destrucci\u00f3n sucedida en la ciudad de Maaloula, consider\u00e1ndola una prueba eficiente de la brutalidad de los terroristas.<\/p>\n<p style=\"text-align: justify\">Por su parte el periodista, Andr\u00e9 Corpuv, expres\u00f3 su fuerte solidaridad con Siria, pidiendo a los periodistas examinar bien los acontecimientos sucedidos en Siria en vez de contar con informes period\u00edsticos no verificados.<\/p>\n<p style=\"text-align: center\"><a href=\"http:\/\/sana.sy\/es\/?attachment_id=33468\" rel=\"attachment wp-att-33468\"><img loading=\"lazy\" decoding=\"async\" class=\"alignnone size-medium wp-image-33468\" src=\"http:\/\/sana.sy\/es\/wp-content\/uploads\/2015\/11\/0322-300x168-300x168.jpg\" alt=\"0322-300x168\" width=\"300\" height=\"168\" srcset=\"https:\/\/archive.sana.sy\/es\/wp-content\/uploads\/2015\/11\/0322-300x168.jpg 300w, https:\/\/archive.sana.sy\/es\/wp-content\/uploads\/2015\/11\/0322-300x168-150x84.jpg 150w\" sizes=\"(max-width: 300px) 100vw, 300px\" \/><\/a><\/p>\n<p style=\"text-align: justify\">La delegaci\u00f3n visit\u00f3 tambi\u00e9n un n\u00famero de heridos del Ej\u00e9rcito \u00c1rabe Sirio y la de las fuerzas armadas en el Hospital Militar de Tishreen en la capital de Damasco.<\/p>\n<p>M.Miri<\/p>\n","protected":false},"excerpt":{"rendered":"<p>Damasco campo, SANA&#8211; La delegaci\u00f3n parlamentaria y medi\u00e1tica francesa que se encuentra actualmente en Siria, realiz\u00f3 hoy una visita a la ciudad de Maloula en las afueras de Damasco, la delegaci\u00f3n fue informada de la gran destrucci\u00f3n infligida por los grupos terroristas armados contra la ciudad, donde la delegaci\u00f3n confirm\u00f3 su solidaridad con el pueblo &hellip;<\/p>\n","protected":false},"author":1,"featured_media":33467,"comment_status":"closed","ping_status":"closed","sticky":false,"template":"","format":"standard","meta":{"footnotes":""},"categories":[477,476],"tags":[7379],"class_list":["post-33466","post","type-post","status-publish","format-standard","has-post-thumbnail","","category-noticias-edulcorantes","category-locales","tag-la-delegacion-francesa-vista-la-ciudad-de-maloula-y-heridos-del-ejercito-en-el-hospital-militar-tishreen"],"_links":{"self":[{"href":"https:\/\/archive.sana.sy\/es\/index.php?rest_route=\/wp\/v2\/posts\/33466"}],"collection":[{"href":"https:\/\/archive.sana.sy\/es\/index.php?rest_route=\/wp\/v2\/posts"}],"about":[{"href":"https:\/\/archive.sana.sy\/es\/index.php?rest_route=\/wp\/v2\/types\/post"}],"author":[{"embeddable":true,"href":"https:\/\/archive.sana.sy\/es\/index.php?rest_route=\/wp\/v2\/users\/1"}],"replies":[{"embeddable":true,"href":"https:\/\/archive.sana.sy\/es\/index.php?rest_route=%2Fwp%2Fv2%2Fcomments&post=33466"}],"version-history":[{"count":0,"href":"https:\/\/archive.sana.sy\/es\/index.php?rest_route=\/wp\/v2\/posts\/33466\/revisions"}],"wp:featuredmedia":[{"embeddable":true,"href":"https:\/\/archive.sana.sy\/es\/index.php?rest_route=\/wp\/v2\/media\/33467"}],"wp:attachment":[{"href":"https:\/\/archive.sana.sy\/es\/index.php?rest_route=%2Fwp%2Fv2%2Fmedia&parent=33466"}],"wp:term":[{"taxonomy":"category","embeddable":true,"href":"https:\/\/archive.sana.sy\/es\/index.php?rest_route=%2Fwp%2Fv2%2Fcategories&post=33466"},{"taxonomy":"post_tag","embeddable":true,"href":"https:\/\/archive.sana.sy\/es\/index.php?rest_route=%2Fwp%2Fv2%2Ftags&post=33466"}],"curies":[{"name":"wp","href":"https:\/\/api.w.org\/{rel}","templated":true}]}}