{"id":334662,"date":"2024-07-26T17:21:57","date_gmt":"2024-07-26T14:21:57","guid":{"rendered":"https:\/\/sana.sy\/es\/?p=334662"},"modified":"2024-07-26T17:21:57","modified_gmt":"2024-07-26T14:21:57","slug":"resistencia-palestina-neutraliza-e-hiere-a-soldados-israelies-y-les-destruye-tres-tanques","status":"publish","type":"post","link":"https:\/\/archive.sana.sy\/es\/?p=334662","title":{"rendered":"Resistencia palestina neutraliza e hiere a soldados israel\u00edes y les destruye tres tanques"},"content":{"rendered":"<p style=\"text-align: justify;\"><strong><span style=\"color: #800000;\">Jerusal\u00e9n ocupada, 26 jul (SANA)<\/span> <\/strong>El ej\u00e9rcito israel\u00ed anunci\u00f3 que 13 de sus soldados resultaron heridos, algunos de ellos de gravedad, por disparos de la resistencia palestina durante los combates en la Franja de Gaza.<\/p>\n<p style=\"text-align: justify;\">A su vez, la resistencia palestina anunci\u00f3 la destrucci\u00f3n de 3 tanques enemigos del tipo \u201cMerkava\u201d al sur de la ciudad de Gaza.<\/p>\n<p style=\"text-align: justify;\">Adem\u00e1s, los resistentes palestinos detonaron un dispositivo con una fuerza de infanter\u00eda sionista, logrando eliminar y herir a sus integrantes, as\u00ed como dispararon a un soldado que iba encima de uno de los veh\u00edculos que penetraban en el barrio.<\/p>\n<p style=\"text-align: justify;\">De igual manera, la resistencia atac\u00f3 con granadas de mortero concentraciones de soldados enemigos a lo largo del eje \u201cNetzarim\u201d, al sur de la ciudad de Gaza.<\/p>\n<p style=\"text-align: justify;\">En cuanto al sur de la Franja de Gaza, la resistencia libr\u00f3 feroces enfrentamientos con las tropa sionistas en las zonas al este de Khan Yunis, utilizando ametralladoras y misiles antitanques, tambi\u00e9n bombarde\u00f3 con granadas de mortero a los soldados y veh\u00edculos enemigos estacionados en las proximidades del paso fronterizo de Rafah.<\/p>\n<p style=\"text-align: justify;\">sm<\/p>\n","protected":false},"excerpt":{"rendered":"<p>Jerusal\u00e9n ocupada, 26 jul (SANA) El ej\u00e9rcito israel\u00ed anunci\u00f3 que 13 de sus soldados resultaron heridos, algunos de ellos de gravedad, por disparos de la resistencia palestina durante los combates en la Franja de Gaza. A su vez, la resistencia palestina anunci\u00f3 la destrucci\u00f3n de 3 tanques enemigos del tipo \u201cMerkava\u201d al sur de la &hellip;<\/p>\n","protected":false},"author":39,"featured_media":334663,"comment_status":"closed","ping_status":"closed","sticky":false,"template":"","format":"standard","meta":{"footnotes":""},"categories":[597,456,16687,20724,7541],"tags":[],"class_list":["post-334662","post","type-post","status-publish","format-standard","has-post-thumbnail","","category-cinta-de-noticias","category-arabe-internacional-politica","category-internacionales","category-minuto-a-minuto","category-ultimas-noticias"],"_links":{"self":[{"href":"https:\/\/archive.sana.sy\/es\/index.php?rest_route=\/wp\/v2\/posts\/334662"}],"collection":[{"href":"https:\/\/archive.sana.sy\/es\/index.php?rest_route=\/wp\/v2\/posts"}],"about":[{"href":"https:\/\/archive.sana.sy\/es\/index.php?rest_route=\/wp\/v2\/types\/post"}],"author":[{"embeddable":true,"href":"https:\/\/archive.sana.sy\/es\/index.php?rest_route=\/wp\/v2\/users\/39"}],"replies":[{"embeddable":true,"href":"https:\/\/archive.sana.sy\/es\/index.php?rest_route=%2Fwp%2Fv2%2Fcomments&post=334662"}],"version-history":[{"count":1,"href":"https:\/\/archive.sana.sy\/es\/index.php?rest_route=\/wp\/v2\/posts\/334662\/revisions"}],"predecessor-version":[{"id":334664,"href":"https:\/\/archive.sana.sy\/es\/index.php?rest_route=\/wp\/v2\/posts\/334662\/revisions\/334664"}],"wp:featuredmedia":[{"embeddable":true,"href":"https:\/\/archive.sana.sy\/es\/index.php?rest_route=\/wp\/v2\/media\/334663"}],"wp:attachment":[{"href":"https:\/\/archive.sana.sy\/es\/index.php?rest_route=%2Fwp%2Fv2%2Fmedia&parent=334662"}],"wp:term":[{"taxonomy":"category","embeddable":true,"href":"https:\/\/archive.sana.sy\/es\/index.php?rest_route=%2Fwp%2Fv2%2Fcategories&post=334662"},{"taxonomy":"post_tag","embeddable":true,"href":"https:\/\/archive.sana.sy\/es\/index.php?rest_route=%2Fwp%2Fv2%2Ftags&post=334662"}],"curies":[{"name":"wp","href":"https:\/\/api.w.org\/{rel}","templated":true}]}}