{"id":33470,"date":"2015-11-13T16:57:49","date_gmt":"2015-11-13T14:57:49","guid":{"rendered":"http:\/\/sana.sy\/es\/?p=33470"},"modified":"2015-11-13T16:57:49","modified_gmt":"2015-11-13T14:57:49","slug":"merkel-la-crisis-siria-solo-se-podra-solucionar-a-traves-de-medios-politicos","status":"publish","type":"post","link":"https:\/\/archive.sana.sy\/es\/?p=33470","title":{"rendered":"Merkel: La crisis siria s\u00f3lo se podr\u00e1 solucionar a trav\u00e9s de medios pol\u00edticos"},"content":{"rendered":"<p style=\"text-align: justify\"><span style=\"color: #800000\">Berl\u00edn, SANA<\/span>&#8211; La Canciller alemana Angela Merkel, subray\u00f3 que solo se puede resolver la crisis en Siria a trav\u00e9s de medios pol\u00edticos, expresando su esperanza en que las conversaciones de Viena conversaciones sobre Siria, que se celebrar\u00e1 ma\u00f1ana, seguir\u00edan algunos avances en esta direcci\u00f3n.<\/p>\n<p style=\"text-align: justify\">Seg\u00fan Reuters cit\u00f3 a Merkel durante una conferencia de prensa celebrada hoy&#8230; &#8220;Espero que la reuni\u00f3n de ma\u00f1ana sea un peque\u00f1o paso en el camino hacia una soluci\u00f3n pol\u00edtica y debemos por eso ser m\u00e1s pacientes.&#8221;<\/p>\n<p style=\"text-align: justify\">Merkel llam\u00f3 el mes pasado en una entrevista con el diario alem\u00e1n \u00a8Bild\u00a8 intensificar los esfuerzos para encontrar una soluci\u00f3n pol\u00edtica a la crisis en Siria y fortalecer la estabilidad en los pa\u00edses vecinos, diciendo que&#8230; &#8220;Tenemos que hacer m\u00e1s esfuerzos para buscar una soluci\u00f3n pol\u00edtica y al mismo tiempo contribuirnos m\u00e1s en el fortalecimiento de la estabilidad.&#8221;<\/p>\n<p>M.Miri<\/p>\n","protected":false},"excerpt":{"rendered":"<p>Berl\u00edn, SANA&#8211; La Canciller alemana Angela Merkel, subray\u00f3 que solo se puede resolver la crisis en Siria a trav\u00e9s de medios pol\u00edticos, expresando su esperanza en que las conversaciones de Viena conversaciones sobre Siria, que se celebrar\u00e1 ma\u00f1ana, seguir\u00edan algunos avances en esta direcci\u00f3n. Seg\u00fan Reuters cit\u00f3 a Merkel durante una conferencia de prensa celebrada &hellip;<\/p>\n","protected":false},"author":1,"featured_media":33471,"comment_status":"closed","ping_status":"closed","sticky":false,"template":"","format":"standard","meta":{"footnotes":""},"categories":[456,457,576],"tags":[7380],"class_list":["post-33470","post","type-post","status-publish","format-standard","has-post-thumbnail","","category-arabe-internacional-politica","category-noticias-arabe-internacional-politica","category-noticias-politicas","tag-merkel-la-crisis-siria-solo-se-podra-solucionar-a-traves-de-medios-politicos"],"_links":{"self":[{"href":"https:\/\/archive.sana.sy\/es\/index.php?rest_route=\/wp\/v2\/posts\/33470"}],"collection":[{"href":"https:\/\/archive.sana.sy\/es\/index.php?rest_route=\/wp\/v2\/posts"}],"about":[{"href":"https:\/\/archive.sana.sy\/es\/index.php?rest_route=\/wp\/v2\/types\/post"}],"author":[{"embeddable":true,"href":"https:\/\/archive.sana.sy\/es\/index.php?rest_route=\/wp\/v2\/users\/1"}],"replies":[{"embeddable":true,"href":"https:\/\/archive.sana.sy\/es\/index.php?rest_route=%2Fwp%2Fv2%2Fcomments&post=33470"}],"version-history":[{"count":0,"href":"https:\/\/archive.sana.sy\/es\/index.php?rest_route=\/wp\/v2\/posts\/33470\/revisions"}],"wp:featuredmedia":[{"embeddable":true,"href":"https:\/\/archive.sana.sy\/es\/index.php?rest_route=\/wp\/v2\/media\/33471"}],"wp:attachment":[{"href":"https:\/\/archive.sana.sy\/es\/index.php?rest_route=%2Fwp%2Fv2%2Fmedia&parent=33470"}],"wp:term":[{"taxonomy":"category","embeddable":true,"href":"https:\/\/archive.sana.sy\/es\/index.php?rest_route=%2Fwp%2Fv2%2Fcategories&post=33470"},{"taxonomy":"post_tag","embeddable":true,"href":"https:\/\/archive.sana.sy\/es\/index.php?rest_route=%2Fwp%2Fv2%2Ftags&post=33470"}],"curies":[{"name":"wp","href":"https:\/\/api.w.org\/{rel}","templated":true}]}}