{"id":334710,"date":"2024-07-27T14:55:57","date_gmt":"2024-07-27T11:55:57","guid":{"rendered":"https:\/\/sana.sy\/es\/?p=334710"},"modified":"2024-07-27T14:55:57","modified_gmt":"2024-07-27T11:55:57","slug":"politico-aleman-washington-utiliza-sus-bases-militares-en-nuestro-pais-al-servicio-de-sus-conflictos","status":"publish","type":"post","link":"https:\/\/archive.sana.sy\/es\/?p=334710","title":{"rendered":"Pol\u00edtico alem\u00e1n: Washington utiliza sus bases militares en nuestro pa\u00eds al servicio de sus conflictos"},"content":{"rendered":"<p style=\"text-align: justify;\"><span style=\"color: #800000;\"><strong>\u00a0Berl\u00edn, 27 jul (SANA)<\/strong> <\/span>El pol\u00edtico alem\u00e1n Ralph Niemeyer anunci\u00f3 hoy que Estados Unidos est\u00e1 utilizando sus bases militares en Alemania al servicio de sus conflictos en la regi\u00f3n, y debe cerrarlas de inmediato.<\/p>\n<p style=\"text-align: justify;\">&#8220;Hemos visto que las guerras en Afganist\u00e1n, Iraq y ahora en Ucrania, fueron asistidos desde territorio alem\u00e1n a trav\u00e9s de la Base A\u00e9rea de Ramstein y desde otros lugares como Wiesbaden Grafenwoehr Stuttgart&#8221;, dijo Niemeyer citado por la agencia de noticias Novosti.<\/p>\n<p style=\"text-align: justify;\">Niemeyer pidi\u00f3 el regreso de las fuerzas y bases militares estadounidenses a sus hogares.<\/p>\n<p style=\"text-align: justify;\">El Pent\u00e1gono anunci\u00f3 a principios de este mes que Estados Unidos comenzar\u00e1 a desplegar sus armas de largo alcance, incluidas armas hipers\u00f3nicas, en Alemania en 2026 como parte de la planificaci\u00f3n para desplegar estas fuerzas de forma permanente en el futuro.<\/p>\n<p style=\"text-align: justify;\">Se\u00f1al\u00f3 que las armas que se desplegar\u00e1n tienen un alcance mayor que los m\u00e9todos actualmente difundidos en Europa.<\/p>\n<p>fm\/ed<\/p>\n","protected":false},"excerpt":{"rendered":"<p>\u00a0Berl\u00edn, 27 jul (SANA) El pol\u00edtico alem\u00e1n Ralph Niemeyer anunci\u00f3 hoy que Estados Unidos est\u00e1 utilizando sus bases militares en Alemania al servicio de sus conflictos en la regi\u00f3n, y debe cerrarlas de inmediato. &#8220;Hemos visto que las guerras en Afganist\u00e1n, Iraq y ahora en Ucrania, fueron asistidos desde territorio alem\u00e1n a trav\u00e9s de la &hellip;<\/p>\n","protected":false},"author":32,"featured_media":334711,"comment_status":"closed","ping_status":"closed","sticky":false,"template":"","format":"standard","meta":{"footnotes":""},"categories":[597,456,20724,7541],"tags":[],"class_list":["post-334710","post","type-post","status-publish","format-standard","has-post-thumbnail","","category-cinta-de-noticias","category-arabe-internacional-politica","category-minuto-a-minuto","category-ultimas-noticias"],"_links":{"self":[{"href":"https:\/\/archive.sana.sy\/es\/index.php?rest_route=\/wp\/v2\/posts\/334710"}],"collection":[{"href":"https:\/\/archive.sana.sy\/es\/index.php?rest_route=\/wp\/v2\/posts"}],"about":[{"href":"https:\/\/archive.sana.sy\/es\/index.php?rest_route=\/wp\/v2\/types\/post"}],"author":[{"embeddable":true,"href":"https:\/\/archive.sana.sy\/es\/index.php?rest_route=\/wp\/v2\/users\/32"}],"replies":[{"embeddable":true,"href":"https:\/\/archive.sana.sy\/es\/index.php?rest_route=%2Fwp%2Fv2%2Fcomments&post=334710"}],"version-history":[{"count":1,"href":"https:\/\/archive.sana.sy\/es\/index.php?rest_route=\/wp\/v2\/posts\/334710\/revisions"}],"predecessor-version":[{"id":334712,"href":"https:\/\/archive.sana.sy\/es\/index.php?rest_route=\/wp\/v2\/posts\/334710\/revisions\/334712"}],"wp:featuredmedia":[{"embeddable":true,"href":"https:\/\/archive.sana.sy\/es\/index.php?rest_route=\/wp\/v2\/media\/334711"}],"wp:attachment":[{"href":"https:\/\/archive.sana.sy\/es\/index.php?rest_route=%2Fwp%2Fv2%2Fmedia&parent=334710"}],"wp:term":[{"taxonomy":"category","embeddable":true,"href":"https:\/\/archive.sana.sy\/es\/index.php?rest_route=%2Fwp%2Fv2%2Fcategories&post=334710"},{"taxonomy":"post_tag","embeddable":true,"href":"https:\/\/archive.sana.sy\/es\/index.php?rest_route=%2Fwp%2Fv2%2Ftags&post=334710"}],"curies":[{"name":"wp","href":"https:\/\/api.w.org\/{rel}","templated":true}]}}