{"id":334713,"date":"2024-07-27T15:00:21","date_gmt":"2024-07-27T12:00:21","guid":{"rendered":"https:\/\/sana.sy\/es\/?p=334713"},"modified":"2024-07-27T15:00:21","modified_gmt":"2024-07-27T12:00:21","slug":"oficina-de-prensa-en-gaza-condena-masacre-israeli-en-deir-al-balah","status":"publish","type":"post","link":"https:\/\/archive.sana.sy\/es\/?p=334713","title":{"rendered":"Oficina de Prensa en Gaza condena masacre israel\u00ed en Deir Al-Balah"},"content":{"rendered":"<p style=\"text-align: justify;\"><span style=\"color: #800000;\"><strong>\u00a0Jerusal\u00e9n ocupada , 27 jul (SANA)\u00a0<\/strong><\/span> La Oficina de Prensa en la Franja de Gaza conden\u00f3 hoy la masacre cometida por las tropas sionistas al bombardear una escuela que alberga a desplazados en Deir Al-Balah, en el centro de la Franja de Gaza.<\/p>\n<p style=\"text-align: justify;\">\u201cDicha masacre forma parte de otras cometidas por el ocupante contra el pueblo palestino y la destrucci\u00f3n de sus hospitales y sus infraestructuras lo que ha provocado catastr\u00f3ficas condiciones humanitarias y sanitarias, inform\u00f3 la Oficina.<\/p>\n<p style=\"text-align: justify;\">Pidi\u00f3 a la comunidad internacional y a las Naciones Unidas y sus organismos que presionen al ocupante para que detenga la guerra genocida en la Franja de Gaza.<\/p>\n<p style=\"text-align: justify;\">ed\/fm<\/p>\n","protected":false},"excerpt":{"rendered":"<p>\u00a0Jerusal\u00e9n ocupada , 27 jul (SANA)\u00a0 La Oficina de Prensa en la Franja de Gaza conden\u00f3 hoy la masacre cometida por las tropas sionistas al bombardear una escuela que alberga a desplazados en Deir Al-Balah, en el centro de la Franja de Gaza. \u201cDicha masacre forma parte de otras cometidas por el ocupante contra el &hellip;<\/p>\n","protected":false},"author":32,"featured_media":334714,"comment_status":"closed","ping_status":"closed","sticky":false,"template":"","format":"standard","meta":{"footnotes":""},"categories":[597,456,20724,7541],"tags":[],"class_list":["post-334713","post","type-post","status-publish","format-standard","has-post-thumbnail","","category-cinta-de-noticias","category-arabe-internacional-politica","category-minuto-a-minuto","category-ultimas-noticias"],"_links":{"self":[{"href":"https:\/\/archive.sana.sy\/es\/index.php?rest_route=\/wp\/v2\/posts\/334713"}],"collection":[{"href":"https:\/\/archive.sana.sy\/es\/index.php?rest_route=\/wp\/v2\/posts"}],"about":[{"href":"https:\/\/archive.sana.sy\/es\/index.php?rest_route=\/wp\/v2\/types\/post"}],"author":[{"embeddable":true,"href":"https:\/\/archive.sana.sy\/es\/index.php?rest_route=\/wp\/v2\/users\/32"}],"replies":[{"embeddable":true,"href":"https:\/\/archive.sana.sy\/es\/index.php?rest_route=%2Fwp%2Fv2%2Fcomments&post=334713"}],"version-history":[{"count":1,"href":"https:\/\/archive.sana.sy\/es\/index.php?rest_route=\/wp\/v2\/posts\/334713\/revisions"}],"predecessor-version":[{"id":334715,"href":"https:\/\/archive.sana.sy\/es\/index.php?rest_route=\/wp\/v2\/posts\/334713\/revisions\/334715"}],"wp:featuredmedia":[{"embeddable":true,"href":"https:\/\/archive.sana.sy\/es\/index.php?rest_route=\/wp\/v2\/media\/334714"}],"wp:attachment":[{"href":"https:\/\/archive.sana.sy\/es\/index.php?rest_route=%2Fwp%2Fv2%2Fmedia&parent=334713"}],"wp:term":[{"taxonomy":"category","embeddable":true,"href":"https:\/\/archive.sana.sy\/es\/index.php?rest_route=%2Fwp%2Fv2%2Fcategories&post=334713"},{"taxonomy":"post_tag","embeddable":true,"href":"https:\/\/archive.sana.sy\/es\/index.php?rest_route=%2Fwp%2Fv2%2Ftags&post=334713"}],"curies":[{"name":"wp","href":"https:\/\/api.w.org\/{rel}","templated":true}]}}