{"id":334757,"date":"2024-07-28T05:57:44","date_gmt":"2024-07-28T02:57:44","guid":{"rendered":"https:\/\/sana.sy\/es\/?p=334757"},"modified":"2024-07-28T05:57:44","modified_gmt":"2024-07-28T02:57:44","slug":"canciller-chino-pide-a-blinken-que-eeuu-abandone-el-enfoque-hegemonico-y-la-imposicion-de-sanciones-unilaterales","status":"publish","type":"post","link":"https:\/\/archive.sana.sy\/es\/?p=334757","title":{"rendered":"Canciller chino pide a Blinken que EEUU abandone el enfoque hegem\u00f3nico y la imposici\u00f3n de sanciones unilaterales"},"content":{"rendered":"<p style=\"text-align: justify;\"><span style=\"color: #800000;\"><strong>Vienti\u00e1n, 28 jul (SANA)\u00a0<\/strong>\u00a0<\/span> El ministro de Asuntos Exteriores chino, Wang Yi, pidi\u00f3 a Estados Unidos que deje de imponer sanciones unilaterales arbitrarias y de ejercer una jurisdicci\u00f3n de largo alcance, e indic\u00f3 que Washington mantiene una percepci\u00f3n equivocada hacia Beijing y lo ve a trav\u00e9s de su propia l\u00f3gica hegem\u00f3nica.<\/p>\n<p style=\"text-align: justify;\">La agencia de noticias Xinhua cit\u00f3 a Wang diciendo durante su reuni\u00f3n con su hom\u00f3logo estadounidense, Anthony Blinken, al margen de las reuniones de ministros de Asuntos Exteriores de los pa\u00edses del Sudeste Asi\u00e1tico, que \u201cChina no es Estados Unidos y no quiere ser como esta naci\u00f3n del norte&#8221;.<\/p>\n<p style=\"text-align: justify;\">Subray\u00f3 que Pek\u00edn no busca hegemon\u00eda ni pretende ejercer pol\u00edticas de poder, sino que tiene el mejor historial en paz y seguridad como pa\u00eds importante del mundo.<\/p>\n<p style=\"text-align: justify;\">Wang puntualiz\u00f3 que Estados Unidos debe volver a una pol\u00edtica racional y pragm\u00e1tica hacia China y hacer esfuerzos conjuntos para promover el desarrollo estable, saludable y sostenible de las relaciones bilaterales entre los dos pa\u00edses.<\/p>\n<p style=\"text-align: justify;\">\u201cChina seguir\u00e1 comprometida con el camino del desarrollo pac\u00edfico y la construcci\u00f3n de un futuro compartido para la humanidad\u201d, expres\u00f3.<\/p>\n<p style=\"text-align: justify;\">fm<\/p>\n","protected":false},"excerpt":{"rendered":"<p>Vienti\u00e1n, 28 jul (SANA)\u00a0\u00a0 El ministro de Asuntos Exteriores chino, Wang Yi, pidi\u00f3 a Estados Unidos que deje de imponer sanciones unilaterales arbitrarias y de ejercer una jurisdicci\u00f3n de largo alcance, e indic\u00f3 que Washington mantiene una percepci\u00f3n equivocada hacia Beijing y lo ve a trav\u00e9s de su propia l\u00f3gica hegem\u00f3nica. La agencia de noticias &hellip;<\/p>\n","protected":false},"author":34,"featured_media":334758,"comment_status":"closed","ping_status":"closed","sticky":false,"template":"","format":"standard","meta":{"footnotes":""},"categories":[597,456,20724,7541],"tags":[],"class_list":["post-334757","post","type-post","status-publish","format-standard","has-post-thumbnail","","category-cinta-de-noticias","category-arabe-internacional-politica","category-minuto-a-minuto","category-ultimas-noticias"],"_links":{"self":[{"href":"https:\/\/archive.sana.sy\/es\/index.php?rest_route=\/wp\/v2\/posts\/334757"}],"collection":[{"href":"https:\/\/archive.sana.sy\/es\/index.php?rest_route=\/wp\/v2\/posts"}],"about":[{"href":"https:\/\/archive.sana.sy\/es\/index.php?rest_route=\/wp\/v2\/types\/post"}],"author":[{"embeddable":true,"href":"https:\/\/archive.sana.sy\/es\/index.php?rest_route=\/wp\/v2\/users\/34"}],"replies":[{"embeddable":true,"href":"https:\/\/archive.sana.sy\/es\/index.php?rest_route=%2Fwp%2Fv2%2Fcomments&post=334757"}],"version-history":[{"count":1,"href":"https:\/\/archive.sana.sy\/es\/index.php?rest_route=\/wp\/v2\/posts\/334757\/revisions"}],"predecessor-version":[{"id":334759,"href":"https:\/\/archive.sana.sy\/es\/index.php?rest_route=\/wp\/v2\/posts\/334757\/revisions\/334759"}],"wp:featuredmedia":[{"embeddable":true,"href":"https:\/\/archive.sana.sy\/es\/index.php?rest_route=\/wp\/v2\/media\/334758"}],"wp:attachment":[{"href":"https:\/\/archive.sana.sy\/es\/index.php?rest_route=%2Fwp%2Fv2%2Fmedia&parent=334757"}],"wp:term":[{"taxonomy":"category","embeddable":true,"href":"https:\/\/archive.sana.sy\/es\/index.php?rest_route=%2Fwp%2Fv2%2Fcategories&post=334757"},{"taxonomy":"post_tag","embeddable":true,"href":"https:\/\/archive.sana.sy\/es\/index.php?rest_route=%2Fwp%2Fv2%2Ftags&post=334757"}],"curies":[{"name":"wp","href":"https:\/\/api.w.org\/{rel}","templated":true}]}}