{"id":334760,"date":"2024-07-28T10:49:54","date_gmt":"2024-07-28T07:49:54","guid":{"rendered":"https:\/\/sana.sy\/es\/?p=334760"},"modified":"2024-07-28T10:50:26","modified_gmt":"2024-07-28T07:50:26","slug":"jamenei-ratifica-a-masud-pezeshkian-como-nuevo-presidente-de-iran","status":"publish","type":"post","link":"https:\/\/archive.sana.sy\/es\/?p=334760","title":{"rendered":"Jamenei ratifica a Masud Pezeshkian como nuevo presidente de Ir\u00e1n"},"content":{"rendered":"<p style=\"text-align: justify;\"><span style=\"color: #800000;\"><strong>Teher\u00e1n, 29 jul (SANA)<\/strong> \u00a0<\/span>El L\u00edder de la Revoluci\u00f3n Isl\u00e1mica de Ir\u00e1n, el ayatol\u00e1 Seyed Ali Jamenei, otorga hoy poderes al presidente, Masud Pezeshkian, para tomar mandato.<\/p>\n<p style=\"text-align: justify;\">De acuerdo al sitio web del canal iran\u00ed Hispan TV, la ceremonia de ratificaci\u00f3n ha dado comienzo con la entrada del ayatol\u00e1 Jamenei, junto a los jefes de los tres Poderes Ejecutivo, Legislativo y Judicial de Ir\u00e1n, Masud Pezeshkian, Mohamad Baqer Qalibaf y el Qolam Husein Mohseni Eyei, respectivamente, y el presidente de la Asamblea de Expertos de Ir\u00e1n, el ayatol\u00e1 Ahmad Yanati.<\/p>\n<p style=\"text-align: justify;\">El L\u00edder de la Revoluci\u00f3n Isl\u00e1mica le ha entregado en persona el acta de ratificaci\u00f3n a Pezeshkian, quien gobernar\u00e1 el pa\u00eds los pr\u00f3ximos cuatro a\u00f1os.<\/p>\n<p style=\"text-align: justify;\">Pezeshkian tomar\u00e1 posesi\u00f3n del cargo el pr\u00f3ximo martes, 30 de julio, en un acto ante el Parlamento al que acudir\u00e1n al menos 70 delegaciones extranjeras.<\/p>\n<p style=\"text-align: justify;\"><span style=\"color: #800000;\"><strong>fm\/ws<\/strong><\/span><\/p>\n","protected":false},"excerpt":{"rendered":"<p>Teher\u00e1n, 29 jul (SANA) \u00a0El L\u00edder de la Revoluci\u00f3n Isl\u00e1mica de Ir\u00e1n, el ayatol\u00e1 Seyed Ali Jamenei, otorga hoy poderes al presidente, Masud Pezeshkian, para tomar mandato. De acuerdo al sitio web del canal iran\u00ed Hispan TV, la ceremonia de ratificaci\u00f3n ha dado comienzo con la entrada del ayatol\u00e1 Jamenei, junto a los jefes de &hellip;<\/p>\n","protected":false},"author":35,"featured_media":334761,"comment_status":"closed","ping_status":"closed","sticky":false,"template":"","format":"standard","meta":{"footnotes":""},"categories":[597,456,16687,20724,7541],"tags":[],"class_list":["post-334760","post","type-post","status-publish","format-standard","has-post-thumbnail","","category-cinta-de-noticias","category-arabe-internacional-politica","category-internacionales","category-minuto-a-minuto","category-ultimas-noticias"],"_links":{"self":[{"href":"https:\/\/archive.sana.sy\/es\/index.php?rest_route=\/wp\/v2\/posts\/334760"}],"collection":[{"href":"https:\/\/archive.sana.sy\/es\/index.php?rest_route=\/wp\/v2\/posts"}],"about":[{"href":"https:\/\/archive.sana.sy\/es\/index.php?rest_route=\/wp\/v2\/types\/post"}],"author":[{"embeddable":true,"href":"https:\/\/archive.sana.sy\/es\/index.php?rest_route=\/wp\/v2\/users\/35"}],"replies":[{"embeddable":true,"href":"https:\/\/archive.sana.sy\/es\/index.php?rest_route=%2Fwp%2Fv2%2Fcomments&post=334760"}],"version-history":[{"count":2,"href":"https:\/\/archive.sana.sy\/es\/index.php?rest_route=\/wp\/v2\/posts\/334760\/revisions"}],"predecessor-version":[{"id":334763,"href":"https:\/\/archive.sana.sy\/es\/index.php?rest_route=\/wp\/v2\/posts\/334760\/revisions\/334763"}],"wp:featuredmedia":[{"embeddable":true,"href":"https:\/\/archive.sana.sy\/es\/index.php?rest_route=\/wp\/v2\/media\/334761"}],"wp:attachment":[{"href":"https:\/\/archive.sana.sy\/es\/index.php?rest_route=%2Fwp%2Fv2%2Fmedia&parent=334760"}],"wp:term":[{"taxonomy":"category","embeddable":true,"href":"https:\/\/archive.sana.sy\/es\/index.php?rest_route=%2Fwp%2Fv2%2Fcategories&post=334760"},{"taxonomy":"post_tag","embeddable":true,"href":"https:\/\/archive.sana.sy\/es\/index.php?rest_route=%2Fwp%2Fv2%2Ftags&post=334760"}],"curies":[{"name":"wp","href":"https:\/\/api.w.org\/{rel}","templated":true}]}}