{"id":334764,"date":"2024-07-28T11:07:39","date_gmt":"2024-07-28T08:07:39","guid":{"rendered":"https:\/\/sana.sy\/es\/?p=334764"},"modified":"2024-07-28T11:07:39","modified_gmt":"2024-07-28T08:07:39","slug":"cuba-recibe-otra-flotilla-militar-de-rusia","status":"publish","type":"post","link":"https:\/\/archive.sana.sy\/es\/?p=334764","title":{"rendered":"Cuba recibe otra flotilla militar de Rusia"},"content":{"rendered":"<blockquote>\n<p style=\"text-align: justify;\"><span style=\"color: #800000;\">Record\u00f3 que la entrada de los buques acontece en las jornadas de conmemoraci\u00f3n de los asaltos a los cuarteles Moncada y Carlos Manuel de C\u00e9spedes, el 26 de julio de 1953, y mencion\u00f3 que este 28 de julio celebran el D\u00eda de la Marina de Guerra de Rusia, fecha donde sucede una parada militar naval en San Petersburgo.<\/span><\/p>\n<\/blockquote>\n<p style=\"text-align: justify;\"><span style=\"color: #800000;\"><strong>La Habana, 28 jul (SANA)\u00a0<\/strong><\/span> \u00a0A poco m\u00e1s de un mes de la visita de un destacamento de la Armada de Rusia a Cuba, La Habana recibi\u00f3 este 27 de julio del mismo mes una agrupaci\u00f3n de nav\u00edos de la Flotilla del B\u00e1ltico conformada por el buque escuela Sm\u00f3lniy, el patrullero Neustrahimiy y el petrolero de alta mar Yelnya.<\/p>\n<p style=\"text-align: justify;\">Citado por Sputnik, el experto G\u00f3mez Chac\u00f3n, dijo que estos arribos representan la continuidad de una tradici\u00f3n de m\u00e1s de seis d\u00e9cadas, pues &#8220;durante los a\u00f1os de la extinta URSS y tras el triunfo de la revoluci\u00f3n eran comunes este tipo de intercambios, hoy, adem\u00e1s, resulta la demostraci\u00f3n del estado saludable de los nexos pol\u00edticos, econ\u00f3micos y, sin dudas, militares entre los dos pa\u00edses&#8221;.<\/p>\n<p style=\"text-align: justify;\">Explic\u00f3, adem\u00e1s, que el objetivo de este tipo de periplos es &#8220;el estrechamiento de las relaciones y la colaboraci\u00f3n en la esfera naval entre nuestros marineros&#8221;, todo ello posible gracias a los &#8220;especiales&#8221; lazos bilaterales y una cooperaci\u00f3n basada en &#8220;tradiciones de amistad, reciprocidad y confianza mutua&#8221;.<\/p>\n<p style=\"text-align: justify;\">Record\u00f3 que la entrada de los buques acontece en las jornadas de conmemoraci\u00f3n de los asaltos a los cuarteles Moncada y Carlos Manuel de C\u00e9spedes, el 26 de julio de 1953, y mencion\u00f3 que este 28 de julio celebran el D\u00eda de la Marina de Guerra de Rusia, fecha donde sucede una parada militar naval en San Petersburgo.<\/p>\n<p style=\"text-align: justify;\"><span style=\"color: #800000;\"><strong>fm\/ws<\/strong><\/span><\/p>\n","protected":false},"excerpt":{"rendered":"<p>Record\u00f3 que la entrada de los buques acontece en las jornadas de conmemoraci\u00f3n de los asaltos a los cuarteles Moncada y Carlos Manuel de C\u00e9spedes, el 26 de julio de 1953, y mencion\u00f3 que este 28 de julio celebran el D\u00eda de la Marina de Guerra de Rusia, fecha donde sucede una parada militar naval &hellip;<\/p>\n","protected":false},"author":35,"featured_media":334765,"comment_status":"closed","ping_status":"closed","sticky":false,"template":"","format":"standard","meta":{"footnotes":""},"categories":[597,456,16687,20724,7541],"tags":[],"class_list":["post-334764","post","type-post","status-publish","format-standard","has-post-thumbnail","","category-cinta-de-noticias","category-arabe-internacional-politica","category-internacionales","category-minuto-a-minuto","category-ultimas-noticias"],"_links":{"self":[{"href":"https:\/\/archive.sana.sy\/es\/index.php?rest_route=\/wp\/v2\/posts\/334764"}],"collection":[{"href":"https:\/\/archive.sana.sy\/es\/index.php?rest_route=\/wp\/v2\/posts"}],"about":[{"href":"https:\/\/archive.sana.sy\/es\/index.php?rest_route=\/wp\/v2\/types\/post"}],"author":[{"embeddable":true,"href":"https:\/\/archive.sana.sy\/es\/index.php?rest_route=\/wp\/v2\/users\/35"}],"replies":[{"embeddable":true,"href":"https:\/\/archive.sana.sy\/es\/index.php?rest_route=%2Fwp%2Fv2%2Fcomments&post=334764"}],"version-history":[{"count":1,"href":"https:\/\/archive.sana.sy\/es\/index.php?rest_route=\/wp\/v2\/posts\/334764\/revisions"}],"predecessor-version":[{"id":334766,"href":"https:\/\/archive.sana.sy\/es\/index.php?rest_route=\/wp\/v2\/posts\/334764\/revisions\/334766"}],"wp:featuredmedia":[{"embeddable":true,"href":"https:\/\/archive.sana.sy\/es\/index.php?rest_route=\/wp\/v2\/media\/334765"}],"wp:attachment":[{"href":"https:\/\/archive.sana.sy\/es\/index.php?rest_route=%2Fwp%2Fv2%2Fmedia&parent=334764"}],"wp:term":[{"taxonomy":"category","embeddable":true,"href":"https:\/\/archive.sana.sy\/es\/index.php?rest_route=%2Fwp%2Fv2%2Fcategories&post=334764"},{"taxonomy":"post_tag","embeddable":true,"href":"https:\/\/archive.sana.sy\/es\/index.php?rest_route=%2Fwp%2Fv2%2Ftags&post=334764"}],"curies":[{"name":"wp","href":"https:\/\/api.w.org\/{rel}","templated":true}]}}