{"id":334777,"date":"2024-07-28T14:17:33","date_gmt":"2024-07-28T11:17:33","guid":{"rendered":"https:\/\/sana.sy\/es\/?p=334777"},"modified":"2024-07-28T19:32:08","modified_gmt":"2024-07-28T16:32:08","slug":"siria-condena-ataque-de-israel-contra-majdal-shams-y-considera-que-el-mismo-agrava-la-situacion-en-la-region","status":"publish","type":"post","link":"https:\/\/archive.sana.sy\/es\/?p=334777","title":{"rendered":"Ira contra \u201cIsrael\u201d en el Gol\u00e1n sirio ocupado tras el asesinato de 12 ni\u00f1os sirios (+ fotos)"},"content":{"rendered":"<p style=\"text-align: justify;\"><span style=\"color: #800000;\"><strong>Gol\u00e1n sirio ocupado, 28 jul (SANA)<\/strong><\/span> Miles de personas del Gol\u00e1n sirio y de los territorios palestinos ocupados participaron en los funerales de los 12 ni\u00f1os que murieron la v\u00edspera a consecuencia de la explosi\u00f3n de un misil interceptor israel\u00ed que cay\u00f3 en el campo de f\u00fatbol de la localidad ocupada siria de Majdal Shams.<\/p>\n<p style=\"text-align: justify;\">Los pobladores del Gol\u00e1n se reunieron en la plaza de Sult\u00e1n Basha Al-Atrash de Majdal Shams donde efectuaron el funeral de los 8 ni\u00f1os y 3 ni\u00f1as, de edades entre 10 y 16 a\u00f1os, que murieron en la masacre.<\/p>\n<p style=\"text-align: justify;\">El pueblo de Ain Qanya efectu\u00f3 tambi\u00e9n el funeral del ni\u00f1o Nazem Fakher Saab, de 15 a\u00f1os de edad, que estaba presente en el lugar en el momento de la explosi\u00f3n del misil interceptor israel\u00ed.<\/p>\n<p style=\"text-align: justify;\">El corresponsal de SANA en el Gol\u00e1n ocupado inform\u00f3 que despu\u00e9s del funeral de los m\u00e1rtires, el ministro de Finanzas y otros ministros del gobierno de ocupaci\u00f3n llegaron al lugar de la masacre, pero los pobladores los expulsaron y gritaron: \u201casesinos, salgan de aqu\u00ed, paren la guerra\u201d.<\/p>\n<p style=\"text-align: justify;\">La informaci\u00f3n inicial que fue difundida por los medios de prensa israel\u00edes reconoce que un misil de la C\u00fapula de Hierro impact\u00f3 accidentalmente en Majdal Shams en el Gol\u00e1n ocupado.<\/p>\n<p style=\"text-align: justify;\">Activistas confirmaron que los misiles que caen sobre las localidades del Gol\u00e1n sirio ocupado y las regiones de Galilea son normalmente misiles interceptores israel\u00edes y siempre causan graves da\u00f1os.<\/p>\n<p style=\"text-align: justify;\">Notables y destacadas figuras civiles aseguraron que los golaneses no caer\u00e1n en la trampa del plan de la narrativa israel\u00ed destinado a justificar la continuaci\u00f3n del crimen y las masacres.<\/p>\n<div id='gallery-1' class='gallery galleryid-334777 gallery-columns-1 gallery-size-full'><figure class='gallery-item'>\n\t\t\t<div class='gallery-icon landscape'>\n\t\t\t\t<a href='https:\/\/archive.sana.sy\/es\/wp-content\/uploads\/2024\/07\/photo_2024-07-28_13-01-13.jpg'><img loading=\"lazy\" decoding=\"async\" width=\"1280\" height=\"748\" src=\"https:\/\/archive.sana.sy\/es\/wp-content\/uploads\/2024\/07\/photo_2024-07-28_13-01-13.jpg\" class=\"attachment-full size-full\" alt=\"\" srcset=\"https:\/\/archive.sana.sy\/es\/wp-content\/uploads\/2024\/07\/photo_2024-07-28_13-01-13.jpg 1280w, https:\/\/archive.sana.sy\/es\/wp-content\/uploads\/2024\/07\/photo_2024-07-28_13-01-13-300x175.jpg 300w, https:\/\/archive.sana.sy\/es\/wp-content\/uploads\/2024\/07\/photo_2024-07-28_13-01-13-1024x598.jpg 1024w, https:\/\/archive.sana.sy\/es\/wp-content\/uploads\/2024\/07\/photo_2024-07-28_13-01-13-150x88.jpg 150w, https:\/\/archive.sana.sy\/es\/wp-content\/uploads\/2024\/07\/photo_2024-07-28_13-01-13-768x449.jpg 768w\" sizes=\"(max-width: 1280px) 100vw, 1280px\" \/><\/a>\n\t\t\t<\/div><\/figure><figure class='gallery-item'>\n\t\t\t<div class='gallery-icon landscape'>\n\t\t\t\t<a href='https:\/\/archive.sana.sy\/es\/wp-content\/uploads\/2024\/07\/photo_2024-07-28_13-01-29.jpg'><img loading=\"lazy\" decoding=\"async\" width=\"1280\" height=\"823\" src=\"https:\/\/archive.sana.sy\/es\/wp-content\/uploads\/2024\/07\/photo_2024-07-28_13-01-29.jpg\" class=\"attachment-full size-full\" alt=\"\" srcset=\"https:\/\/archive.sana.sy\/es\/wp-content\/uploads\/2024\/07\/photo_2024-07-28_13-01-29.jpg 1280w, https:\/\/archive.sana.sy\/es\/wp-content\/uploads\/2024\/07\/photo_2024-07-28_13-01-29-300x193.jpg 300w, https:\/\/archive.sana.sy\/es\/wp-content\/uploads\/2024\/07\/photo_2024-07-28_13-01-29-1024x658.jpg 1024w, https:\/\/archive.sana.sy\/es\/wp-content\/uploads\/2024\/07\/photo_2024-07-28_13-01-29-150x96.jpg 150w, https:\/\/archive.sana.sy\/es\/wp-content\/uploads\/2024\/07\/photo_2024-07-28_13-01-29-768x494.jpg 768w\" sizes=\"(max-width: 1280px) 100vw, 1280px\" \/><\/a>\n\t\t\t<\/div><\/figure><figure class='gallery-item'>\n\t\t\t<div class='gallery-icon landscape'>\n\t\t\t\t<a href='https:\/\/archive.sana.sy\/es\/wp-content\/uploads\/2024\/07\/photo_2024-07-28_13-01-38.jpg'><img loading=\"lazy\" decoding=\"async\" width=\"1280\" height=\"771\" src=\"https:\/\/archive.sana.sy\/es\/wp-content\/uploads\/2024\/07\/photo_2024-07-28_13-01-38.jpg\" class=\"attachment-full size-full\" alt=\"\" srcset=\"https:\/\/archive.sana.sy\/es\/wp-content\/uploads\/2024\/07\/photo_2024-07-28_13-01-38.jpg 1280w, https:\/\/archive.sana.sy\/es\/wp-content\/uploads\/2024\/07\/photo_2024-07-28_13-01-38-300x181.jpg 300w, https:\/\/archive.sana.sy\/es\/wp-content\/uploads\/2024\/07\/photo_2024-07-28_13-01-38-1024x617.jpg 1024w, https:\/\/archive.sana.sy\/es\/wp-content\/uploads\/2024\/07\/photo_2024-07-28_13-01-38-150x90.jpg 150w, https:\/\/archive.sana.sy\/es\/wp-content\/uploads\/2024\/07\/photo_2024-07-28_13-01-38-768x463.jpg 768w\" sizes=\"(max-width: 1280px) 100vw, 1280px\" \/><\/a>\n\t\t\t<\/div><\/figure>\n\t\t<\/div>\n\n<p style=\"text-align: justify;\">fm\/as<\/p>\n<p style=\"text-align: justify;\">\n","protected":false},"excerpt":{"rendered":"<p>Gol\u00e1n sirio ocupado, 28 jul (SANA) Miles de personas del Gol\u00e1n sirio y de los territorios palestinos ocupados participaron en los funerales de los 12 ni\u00f1os que murieron la v\u00edspera a consecuencia de la explosi\u00f3n de un misil interceptor israel\u00ed que cay\u00f3 en el campo de f\u00fatbol de la localidad ocupada siria de Majdal Shams. &hellip;<\/p>\n","protected":false},"author":35,"featured_media":334824,"comment_status":"closed","ping_status":"closed","sticky":false,"template":"","format":"standard","meta":{"footnotes":""},"categories":[477,447,597,20724,476,583],"tags":[],"class_list":["post-334777","post","type-post","status-publish","format-standard","has-post-thumbnail","","category-noticias-edulcorantes","category-local-politica","category-cinta-de-noticias","category-minuto-a-minuto","category-locales","category-slide"],"_links":{"self":[{"href":"https:\/\/archive.sana.sy\/es\/index.php?rest_route=\/wp\/v2\/posts\/334777"}],"collection":[{"href":"https:\/\/archive.sana.sy\/es\/index.php?rest_route=\/wp\/v2\/posts"}],"about":[{"href":"https:\/\/archive.sana.sy\/es\/index.php?rest_route=\/wp\/v2\/types\/post"}],"author":[{"embeddable":true,"href":"https:\/\/archive.sana.sy\/es\/index.php?rest_route=\/wp\/v2\/users\/35"}],"replies":[{"embeddable":true,"href":"https:\/\/archive.sana.sy\/es\/index.php?rest_route=%2Fwp%2Fv2%2Fcomments&post=334777"}],"version-history":[{"count":4,"href":"https:\/\/archive.sana.sy\/es\/index.php?rest_route=\/wp\/v2\/posts\/334777\/revisions"}],"predecessor-version":[{"id":334835,"href":"https:\/\/archive.sana.sy\/es\/index.php?rest_route=\/wp\/v2\/posts\/334777\/revisions\/334835"}],"wp:featuredmedia":[{"embeddable":true,"href":"https:\/\/archive.sana.sy\/es\/index.php?rest_route=\/wp\/v2\/media\/334824"}],"wp:attachment":[{"href":"https:\/\/archive.sana.sy\/es\/index.php?rest_route=%2Fwp%2Fv2%2Fmedia&parent=334777"}],"wp:term":[{"taxonomy":"category","embeddable":true,"href":"https:\/\/archive.sana.sy\/es\/index.php?rest_route=%2Fwp%2Fv2%2Fcategories&post=334777"},{"taxonomy":"post_tag","embeddable":true,"href":"https:\/\/archive.sana.sy\/es\/index.php?rest_route=%2Fwp%2Fv2%2Ftags&post=334777"}],"curies":[{"name":"wp","href":"https:\/\/api.w.org\/{rel}","templated":true}]}}