{"id":334780,"date":"2024-07-28T14:58:49","date_gmt":"2024-07-28T11:58:49","guid":{"rendered":"https:\/\/sana.sy\/es\/?p=334780"},"modified":"2024-07-28T15:00:38","modified_gmt":"2024-07-28T12:00:38","slug":"bombardeos-israelies-provocan-decenas-de-muertos-y-heridos-en-las-ultimas-horas","status":"publish","type":"post","link":"https:\/\/archive.sana.sy\/es\/?p=334780","title":{"rendered":"Bombardeos israel\u00edes provocan decenas de muertos y heridos en las \u00faltimas horas"},"content":{"rendered":"<p style=\"text-align: justify;\"><span style=\"color: #800000;\"><strong>Jerusal\u00e9n ocupada, 28 jul (SANA)<\/strong><\/span>\u00a0 \u00a0Los ataques israel\u00edes en varias zonas pobladas en la Franja de Gaza han dejado decenas de muertos y heridos.<\/p>\n<p style=\"text-align: justify;\">De acuerdo con reportes de los medios de prensa palestinos, ocho gazat\u00edes perdieron la vida y otros sufrieron lesiones como resultado de un bombardeo israel\u00ed contra la ciudad sure\u00f1a de Jan Yun\u00eds.<\/p>\n<p style=\"text-align: justify;\">Tambi\u00e9n, fueron confirmados otros muertos y heridos en ataques a\u00e9reos contra viviendas en la ciudad .<\/p>\n<p style=\"text-align: justify;\">En el centro de Gaza, decenas de personas resultaron heridas por el fuego de las ametralladoras pesadas de los tanques del ej\u00e9rcito sionista contra el campamento de Nuseirat y de Bureij.<\/p>\n<p style=\"text-align: justify;\">Mientras tanto, los cazas israel\u00edes lanzaron varias incursiones contra regiones del norte y sur del enclave costero .<\/p>\n<p style=\"text-align: justify;\">Semejantes bombardeos apuntaron contra la ciudad de Rafah, en el sur del enclave palestino.<\/p>\n<p style=\"text-align: justify;\">La cifra total de muertos en el enclave palestino subi\u00f3 a 39.285, la mayor\u00eda son mujeres y ni\u00f1os, y la de heridos lleg\u00f3 a 90.589, desde el pasado 7 de octubre.<\/p>\n<p style=\"text-align: justify;\"><span style=\"color: #800000;\"><strong>ws\/fm<\/strong><\/span><\/p>\n","protected":false},"excerpt":{"rendered":"<p>Jerusal\u00e9n ocupada, 28 jul (SANA)\u00a0 \u00a0Los ataques israel\u00edes en varias zonas pobladas en la Franja de Gaza han dejado decenas de muertos y heridos. De acuerdo con reportes de los medios de prensa palestinos, ocho gazat\u00edes perdieron la vida y otros sufrieron lesiones como resultado de un bombardeo israel\u00ed contra la ciudad sure\u00f1a de Jan &hellip;<\/p>\n","protected":false},"author":35,"featured_media":334781,"comment_status":"closed","ping_status":"closed","sticky":false,"template":"","format":"standard","meta":{"footnotes":""},"categories":[597,456,16687,20724],"tags":[],"class_list":["post-334780","post","type-post","status-publish","format-standard","has-post-thumbnail","","category-cinta-de-noticias","category-arabe-internacional-politica","category-internacionales","category-minuto-a-minuto"],"_links":{"self":[{"href":"https:\/\/archive.sana.sy\/es\/index.php?rest_route=\/wp\/v2\/posts\/334780"}],"collection":[{"href":"https:\/\/archive.sana.sy\/es\/index.php?rest_route=\/wp\/v2\/posts"}],"about":[{"href":"https:\/\/archive.sana.sy\/es\/index.php?rest_route=\/wp\/v2\/types\/post"}],"author":[{"embeddable":true,"href":"https:\/\/archive.sana.sy\/es\/index.php?rest_route=\/wp\/v2\/users\/35"}],"replies":[{"embeddable":true,"href":"https:\/\/archive.sana.sy\/es\/index.php?rest_route=%2Fwp%2Fv2%2Fcomments&post=334780"}],"version-history":[{"count":2,"href":"https:\/\/archive.sana.sy\/es\/index.php?rest_route=\/wp\/v2\/posts\/334780\/revisions"}],"predecessor-version":[{"id":334783,"href":"https:\/\/archive.sana.sy\/es\/index.php?rest_route=\/wp\/v2\/posts\/334780\/revisions\/334783"}],"wp:featuredmedia":[{"embeddable":true,"href":"https:\/\/archive.sana.sy\/es\/index.php?rest_route=\/wp\/v2\/media\/334781"}],"wp:attachment":[{"href":"https:\/\/archive.sana.sy\/es\/index.php?rest_route=%2Fwp%2Fv2%2Fmedia&parent=334780"}],"wp:term":[{"taxonomy":"category","embeddable":true,"href":"https:\/\/archive.sana.sy\/es\/index.php?rest_route=%2Fwp%2Fv2%2Fcategories&post=334780"},{"taxonomy":"post_tag","embeddable":true,"href":"https:\/\/archive.sana.sy\/es\/index.php?rest_route=%2Fwp%2Fv2%2Ftags&post=334780"}],"curies":[{"name":"wp","href":"https:\/\/api.w.org\/{rel}","templated":true}]}}