{"id":334784,"date":"2024-07-28T15:10:04","date_gmt":"2024-07-28T12:10:04","guid":{"rendered":"https:\/\/sana.sy\/es\/?p=334784"},"modified":"2024-07-28T15:10:04","modified_gmt":"2024-07-28T12:10:04","slug":"canciller-sirio-recibe-a-ministro-de-agricultura-y-silvicultura-de-sudan","status":"publish","type":"post","link":"https:\/\/archive.sana.sy\/es\/?p=334784","title":{"rendered":"Canciller sirio recibe a Ministro de Agricultura y Silvicultura de Sud\u00e1n"},"content":{"rendered":"<p style=\"text-align: justify;\"><span style=\"color: #800000;\"><strong>Damasco, 28 jul (SANA)<\/strong> <\/span>El ministro de Asuntos Exteriores y Expatriados, Faisal Al-Mekdad, recibi\u00f3 hoy al ministro de Agricultura y Silvicultura de la Rep\u00fablica de Sud\u00e1n, Abu Bakr Omar Al-Bishri.<\/p>\n<p style=\"text-align: justify;\">Las dos partes repasaron aspectos de la cooperaci\u00f3n entre los dos pa\u00edses hermanos, incluido el programa ejecutivo de cooperaci\u00f3n con el Ministerio de Agricultura en Siria firmado hoy.<\/p>\n<p style=\"text-align: justify;\">Subrayaron la necesidad e importancia de fortalecer las relaciones bilaterales en diversos campos.<\/p>\n<p style=\"text-align: justify;\">fm\/as<\/p>\n","protected":false},"excerpt":{"rendered":"<p>Damasco, 28 jul (SANA) El ministro de Asuntos Exteriores y Expatriados, Faisal Al-Mekdad, recibi\u00f3 hoy al ministro de Agricultura y Silvicultura de la Rep\u00fablica de Sud\u00e1n, Abu Bakr Omar Al-Bishri. Las dos partes repasaron aspectos de la cooperaci\u00f3n entre los dos pa\u00edses hermanos, incluido el programa ejecutivo de cooperaci\u00f3n con el Ministerio de Agricultura en &hellip;<\/p>\n","protected":false},"author":42,"featured_media":334785,"comment_status":"closed","ping_status":"closed","sticky":false,"template":"","format":"standard","meta":{"footnotes":""},"categories":[597,20724,467,583],"tags":[],"class_list":["post-334784","post","type-post","status-publish","format-standard","has-post-thumbnail","","category-cinta-de-noticias","category-minuto-a-minuto","category-siria-y-el-mundo","category-slide"],"_links":{"self":[{"href":"https:\/\/archive.sana.sy\/es\/index.php?rest_route=\/wp\/v2\/posts\/334784"}],"collection":[{"href":"https:\/\/archive.sana.sy\/es\/index.php?rest_route=\/wp\/v2\/posts"}],"about":[{"href":"https:\/\/archive.sana.sy\/es\/index.php?rest_route=\/wp\/v2\/types\/post"}],"author":[{"embeddable":true,"href":"https:\/\/archive.sana.sy\/es\/index.php?rest_route=\/wp\/v2\/users\/42"}],"replies":[{"embeddable":true,"href":"https:\/\/archive.sana.sy\/es\/index.php?rest_route=%2Fwp%2Fv2%2Fcomments&post=334784"}],"version-history":[{"count":1,"href":"https:\/\/archive.sana.sy\/es\/index.php?rest_route=\/wp\/v2\/posts\/334784\/revisions"}],"predecessor-version":[{"id":334786,"href":"https:\/\/archive.sana.sy\/es\/index.php?rest_route=\/wp\/v2\/posts\/334784\/revisions\/334786"}],"wp:featuredmedia":[{"embeddable":true,"href":"https:\/\/archive.sana.sy\/es\/index.php?rest_route=\/wp\/v2\/media\/334785"}],"wp:attachment":[{"href":"https:\/\/archive.sana.sy\/es\/index.php?rest_route=%2Fwp%2Fv2%2Fmedia&parent=334784"}],"wp:term":[{"taxonomy":"category","embeddable":true,"href":"https:\/\/archive.sana.sy\/es\/index.php?rest_route=%2Fwp%2Fv2%2Fcategories&post=334784"},{"taxonomy":"post_tag","embeddable":true,"href":"https:\/\/archive.sana.sy\/es\/index.php?rest_route=%2Fwp%2Fv2%2Ftags&post=334784"}],"curies":[{"name":"wp","href":"https:\/\/api.w.org\/{rel}","templated":true}]}}