{"id":334787,"date":"2024-07-28T15:28:23","date_gmt":"2024-07-28T12:28:23","guid":{"rendered":"https:\/\/sana.sy\/es\/?p=334787"},"modified":"2024-07-28T19:40:30","modified_gmt":"2024-07-28T16:40:30","slug":"inicia-votacion-en-las-elecciones-presidenciales-en-venezuela","status":"publish","type":"post","link":"https:\/\/archive.sana.sy\/es\/?p=334787","title":{"rendered":"Inicia votaci\u00f3n en las elecciones presidenciales en Venezuela"},"content":{"rendered":"<p style=\"text-align: justify;\"><span style=\"color: #800000;\"><strong>Caracas, 28 jul (SANA)<\/strong> <\/span>La votaci\u00f3n en las elecciones presidenciales venezolanas comenz\u00f3 hoy, y los venezolanos formaron filas frente a los colegios electorales en la capital, Caracas, antes de su apertura.<\/p>\n<p style=\"text-align: justify;\">21 millones 392 mil 464 venezolanos mayores de 18 a\u00f1os est\u00e1n habilitados para votar en 30 mil 26 centros de votaci\u00f3n y m\u00e1s de 15 mil mesas instaladas en toda la naci\u00f3n.<\/p>\n<p style=\"text-align: justify;\">En tanto, hay 69 mil 211 debidamente registrados y habilitados para votar en el exterior.<\/p>\n<p style=\"text-align: justify;\">Diez candidatos compiten, pero la competencia se limita al presidente Nicol\u00e1s Maduro (61 a\u00f1os), que se postula para un tercer mandato en seis a\u00f1os, y al ex diplom\u00e1tico Gonz\u00e1lez Urrutia (74 a\u00f1os), que repentinamente reemplaz\u00f3 al l\u00edder de la oposici\u00f3n. Mar\u00eda Corina Machado cuando las autoridades anunciaron su inelegibilidad para postularse.<\/p>\n<p style=\"text-align: justify;\">Maduro convoca al pueblo a sufragar en los comicios<br \/>\nEl mandatario de Venezuela, Nicol\u00e1s Maduro, ejerci\u00f3 su derecho al voto y convoc\u00f3 al pueblo a salir a sufragar en los comicios.<img loading=\"lazy\" decoding=\"async\" class=\"size-medium wp-image-334788 alignright\" src=\"http:\/\/sana.sy\/es\/wp-content\/uploads\/2024\/07\/photo_2024-07-28_15-26-52-300x200.jpg\" alt=\"\" width=\"300\" height=\"200\" srcset=\"https:\/\/archive.sana.sy\/es\/wp-content\/uploads\/2024\/07\/photo_2024-07-28_15-26-52-300x200.jpg 300w, https:\/\/archive.sana.sy\/es\/wp-content\/uploads\/2024\/07\/photo_2024-07-28_15-26-52-1024x682.jpg 1024w, https:\/\/archive.sana.sy\/es\/wp-content\/uploads\/2024\/07\/photo_2024-07-28_15-26-52-150x100.jpg 150w, https:\/\/archive.sana.sy\/es\/wp-content\/uploads\/2024\/07\/photo_2024-07-28_15-26-52-768x512.jpg 768w, https:\/\/archive.sana.sy\/es\/wp-content\/uploads\/2024\/07\/photo_2024-07-28_15-26-52.jpg 1280w\" sizes=\"(max-width: 300px) 100vw, 300px\" \/><\/p>\n<p style=\"text-align: justify;\">En el di\u00e1logo con la prensa, Maduro declar\u00f3 que &#8220;hoy tiene que ser un d\u00eda en que en Venezuela triunfe el bien, que es la expresi\u00f3n m\u00e1s grande del amor&#8221;.<\/p>\n<p style=\"text-align: justify;\">El jefe de Estado coment\u00f3 que hay una batalla permanente entre el amor y el odio, entre los que odian y quieren venganza y los que amamos y quieren a Venezuela.<\/p>\n<p style=\"text-align: justify;\">Pidi\u00f3 respeto por el \u00e1rbitro electoral y apunt\u00f3 que el \u201crespeto al proceso electoral es el respeto a la ley, y todo estamos obligados a respetarla\u201d.<\/p>\n<p style=\"text-align: justify;\">Asimismo garantiz\u00f3 que de ser reelegido su misi\u00f3n ser\u00e1 unir m\u00e1s al pa\u00eds, profundizar m\u00e1s el di\u00e1logo y seguir construyendo los nuevos consensos para que Venezuela pueda tener un s\u00f3lido proyecto de futuro.<\/p>\n<p style=\"text-align: justify;\">fm \/ as<\/p>\n","protected":false},"excerpt":{"rendered":"<p>Caracas, 28 jul (SANA) La votaci\u00f3n en las elecciones presidenciales venezolanas comenz\u00f3 hoy, y los venezolanos formaron filas frente a los colegios electorales en la capital, Caracas, antes de su apertura. 21 millones 392 mil 464 venezolanos mayores de 18 a\u00f1os est\u00e1n habilitados para votar en 30 mil 26 centros de votaci\u00f3n y m\u00e1s de &hellip;<\/p>\n","protected":false},"author":42,"featured_media":334790,"comment_status":"closed","ping_status":"closed","sticky":false,"template":"","format":"standard","meta":{"footnotes":""},"categories":[597,456,20724],"tags":[],"class_list":["post-334787","post","type-post","status-publish","format-standard","has-post-thumbnail","","category-cinta-de-noticias","category-arabe-internacional-politica","category-minuto-a-minuto"],"_links":{"self":[{"href":"https:\/\/archive.sana.sy\/es\/index.php?rest_route=\/wp\/v2\/posts\/334787"}],"collection":[{"href":"https:\/\/archive.sana.sy\/es\/index.php?rest_route=\/wp\/v2\/posts"}],"about":[{"href":"https:\/\/archive.sana.sy\/es\/index.php?rest_route=\/wp\/v2\/types\/post"}],"author":[{"embeddable":true,"href":"https:\/\/archive.sana.sy\/es\/index.php?rest_route=\/wp\/v2\/users\/42"}],"replies":[{"embeddable":true,"href":"https:\/\/archive.sana.sy\/es\/index.php?rest_route=%2Fwp%2Fv2%2Fcomments&post=334787"}],"version-history":[{"count":1,"href":"https:\/\/archive.sana.sy\/es\/index.php?rest_route=\/wp\/v2\/posts\/334787\/revisions"}],"predecessor-version":[{"id":334791,"href":"https:\/\/archive.sana.sy\/es\/index.php?rest_route=\/wp\/v2\/posts\/334787\/revisions\/334791"}],"wp:featuredmedia":[{"embeddable":true,"href":"https:\/\/archive.sana.sy\/es\/index.php?rest_route=\/wp\/v2\/media\/334790"}],"wp:attachment":[{"href":"https:\/\/archive.sana.sy\/es\/index.php?rest_route=%2Fwp%2Fv2%2Fmedia&parent=334787"}],"wp:term":[{"taxonomy":"category","embeddable":true,"href":"https:\/\/archive.sana.sy\/es\/index.php?rest_route=%2Fwp%2Fv2%2Fcategories&post=334787"},{"taxonomy":"post_tag","embeddable":true,"href":"https:\/\/archive.sana.sy\/es\/index.php?rest_route=%2Fwp%2Fv2%2Ftags&post=334787"}],"curies":[{"name":"wp","href":"https:\/\/api.w.org\/{rel}","templated":true}]}}