{"id":334818,"date":"2024-07-28T18:00:44","date_gmt":"2024-07-28T15:00:44","guid":{"rendered":"https:\/\/sana.sy\/es\/?p=334818"},"modified":"2024-07-28T18:00:44","modified_gmt":"2024-07-28T15:00:44","slug":"siria-israel-cometio-la-horrible-masacre-que-cobro-la-vida-de-12-ninos-del-golan-sirio-ocupado","status":"publish","type":"post","link":"https:\/\/archive.sana.sy\/es\/?p=334818","title":{"rendered":"Siria: \u201cIsrael\u201d cometi\u00f3 la horrible masacre que cobr\u00f3 la vida de 12 ni\u00f1os del Gol\u00e1n sirio ocupado"},"content":{"rendered":"<p style=\"text-align: justify;\"><span style=\"color: #800000;\"><strong>Damasco, 28 jul (SANA)<\/strong> <\/span>El Ministerio de Asuntos Exteriores y Expatriados de Siria conden\u00f3 hoy el ataque de \u201cIsrael\u201d contra un campo de f\u00fatbol en la localidad de Majdal Shams, en el Gol\u00e1n sirio ocupado, y alert\u00f3 de que esto podr\u00eda provocar una escalada incontrolable en la regi\u00f3n.<\/p>\n<p style=\"text-align: justify;\">A continuaci\u00f3n el texto de la declaraci\u00f3n de Canciller\u00eda:<br \/>\nEn el marco de sus intentos de agravar la situaci\u00f3n en nuestra regi\u00f3n y ampliar el alcance de su agresi\u00f3n, el ocupante israel\u00ed cometi\u00f3 este s\u00e1bado un crimen atroz en la localidad de Majdal Shams en el Gol\u00e1n sirio ocupado, y luego culp\u00f3 a la Resistencia Nacional Libanesa.<strong><img loading=\"lazy\" decoding=\"async\" class=\"size-medium wp-image-334819 alignright\" src=\"http:\/\/sana.sy\/es\/wp-content\/uploads\/2024\/07\/can-2-1-300x143.jpg\" alt=\"\" width=\"300\" height=\"143\" srcset=\"https:\/\/archive.sana.sy\/es\/wp-content\/uploads\/2024\/07\/can-2-1-300x143.jpg 300w, https:\/\/archive.sana.sy\/es\/wp-content\/uploads\/2024\/07\/can-2-1-150x71.jpg 150w, https:\/\/archive.sana.sy\/es\/wp-content\/uploads\/2024\/07\/can-2-1.jpg 600w\" sizes=\"(max-width: 300px) 100vw, 300px\" \/><\/strong><\/p>\n<p style=\"text-align: justify;\">Si bien la Rep\u00fablica \u00c1rabe Siria condena la continua y diaria perpetraci\u00f3n de masacres por parte de la entidad de ocupaci\u00f3n israel\u00ed, denuncia sus descarados intentos de crear pretextos para ampliar el c\u00edrculo de su agresi\u00f3n, y considera que Israel es plenamente responsable de esta peligrosa escalada de violencia de la situaci\u00f3n en la regi\u00f3n.<\/p>\n<p style=\"text-align: justify;\">La Rep\u00fablica \u00c1rabe Siria afirma que nuestro pueblo en el Gol\u00e1n sirio ocupado, que durante d\u00e9cadas se ha negado a renunciar a su identidad \u00e1rabe siria, no se dejar\u00e1 enga\u00f1ar por las mentiras de la ocupaci\u00f3n y sus falsas acusaciones contra la resistencia nacional libanesa.<\/p>\n<p style=\"text-align: justify;\">Nuestros compatriotas golaneses seguir\u00e1n siendo parte integral de la resistencia al ocupante y sus pol\u00edticas agresivas que violan la tierra y la identidad\u201d.<\/p>\n<p style=\"text-align: justify;\">fm\/as<\/p>\n","protected":false},"excerpt":{"rendered":"<p>Damasco, 28 jul (SANA) El Ministerio de Asuntos Exteriores y Expatriados de Siria conden\u00f3 hoy el ataque de \u201cIsrael\u201d contra un campo de f\u00fatbol en la localidad de Majdal Shams, en el Gol\u00e1n sirio ocupado, y alert\u00f3 de que esto podr\u00eda provocar una escalada incontrolable en la regi\u00f3n. A continuaci\u00f3n el texto de la declaraci\u00f3n &hellip;<\/p>\n","protected":false},"author":42,"featured_media":334820,"comment_status":"closed","ping_status":"closed","sticky":false,"template":"","format":"standard","meta":{"footnotes":""},"categories":[597,20724,476,583],"tags":[],"class_list":["post-334818","post","type-post","status-publish","format-standard","has-post-thumbnail","","category-cinta-de-noticias","category-minuto-a-minuto","category-locales","category-slide"],"_links":{"self":[{"href":"https:\/\/archive.sana.sy\/es\/index.php?rest_route=\/wp\/v2\/posts\/334818"}],"collection":[{"href":"https:\/\/archive.sana.sy\/es\/index.php?rest_route=\/wp\/v2\/posts"}],"about":[{"href":"https:\/\/archive.sana.sy\/es\/index.php?rest_route=\/wp\/v2\/types\/post"}],"author":[{"embeddable":true,"href":"https:\/\/archive.sana.sy\/es\/index.php?rest_route=\/wp\/v2\/users\/42"}],"replies":[{"embeddable":true,"href":"https:\/\/archive.sana.sy\/es\/index.php?rest_route=%2Fwp%2Fv2%2Fcomments&post=334818"}],"version-history":[{"count":1,"href":"https:\/\/archive.sana.sy\/es\/index.php?rest_route=\/wp\/v2\/posts\/334818\/revisions"}],"predecessor-version":[{"id":334821,"href":"https:\/\/archive.sana.sy\/es\/index.php?rest_route=\/wp\/v2\/posts\/334818\/revisions\/334821"}],"wp:featuredmedia":[{"embeddable":true,"href":"https:\/\/archive.sana.sy\/es\/index.php?rest_route=\/wp\/v2\/media\/334820"}],"wp:attachment":[{"href":"https:\/\/archive.sana.sy\/es\/index.php?rest_route=%2Fwp%2Fv2%2Fmedia&parent=334818"}],"wp:term":[{"taxonomy":"category","embeddable":true,"href":"https:\/\/archive.sana.sy\/es\/index.php?rest_route=%2Fwp%2Fv2%2Fcategories&post=334818"},{"taxonomy":"post_tag","embeddable":true,"href":"https:\/\/archive.sana.sy\/es\/index.php?rest_route=%2Fwp%2Fv2%2Ftags&post=334818"}],"curies":[{"name":"wp","href":"https:\/\/api.w.org\/{rel}","templated":true}]}}