{"id":334843,"date":"2024-07-29T05:57:08","date_gmt":"2024-07-29T02:57:08","guid":{"rendered":"https:\/\/sana.sy\/es\/?p=334843"},"modified":"2024-07-29T20:44:06","modified_gmt":"2024-07-29T17:44:06","slug":"maxima-autoridad-religiosa-de-los-monoteistas-drusos-en-siria-condena-masacre-israeli-en-el-golan","status":"publish","type":"post","link":"https:\/\/archive.sana.sy\/es\/?p=334843","title":{"rendered":"M\u00e1xima autoridad religiosa de los monote\u00edstas drusos en Siria condena masacre israel\u00ed en el Gol\u00e1n \u00a0"},"content":{"rendered":"<p style=\"text-align: justify;\"><span style=\"color: #800000;\"><strong>Sweida, 29 jul (SANA)<\/strong><\/span>\u00a0 La m\u00e1xima autoridad de la comunidad de musulmanes monote\u00edstas drusos en Siria asegur\u00f3 hoy que la actitud traicionera israel\u00ed no socavar\u00e1 la determinaci\u00f3n de la poblaci\u00f3n en el Gol\u00e1n sirio ocupado y su lucha por preservar los valores y principios.<\/p>\n<p style=\"text-align: justify;\">\u201cRatificamos nuestra solidaridad con nuestros compatriotas en la localidad de Majdal Shams que fue escenario de una agresi\u00f3n barb\u00e1rica y brutal que provoc\u00f3 la ca\u00edda de muchas v\u00edctimas inocentes, incluidos ni\u00f1os\u201d, afirm\u00f3 la autoridad en una declaraci\u00f3n le\u00edda por Yusuf Jarbou, el jeque de jurisdicci\u00f3n de los drusos.<\/p>\n<p style=\"text-align: justify;\">Aclar\u00f3 que no es secreto para nadie que \u201cIsrael\u201d comete diariamente masacres contra los palestinos sin ninguna disuasi\u00f3n humanitaria, y ratific\u00f3 que los musulmanes drusos seguir\u00e1n siendo un pilar del arabismo y a la vanguardia de la resistencia y defensa de las causas \u00e1rabes.<\/p>\n<p style=\"text-align: justify;\">\u201cEs obvio que Israel est\u00e1 tratando de sembrar sedici\u00f3n y divisi\u00f3n con el objetivo de implementar sus planes agresivos, pero seguiremos los pasos de nuestros antepasados en la resistencia, a su frente Sult\u00e1n Pasha Al-Atrash.<\/p>\n<p style=\"text-align: justify;\">A su vez, el jeque Salman Ahmed Al-Hijri dijo que la ideolog\u00eda sionista solo sabe matar y destruir, y sigue asesinando en todos los territorios ocupados, y la \u00faltima masacre fue en Majdal Shams.<\/p>\n<p style=\"text-align: justify;\">De acuerdo con la canciller\u00eda siria, el mortal ataque coincide con \u201clos continuos y diarios cr\u00edmenes perpetrados por Israel y sus descarados intentos de crear pretextos para ampliar el c\u00edrculo de su agresi\u00f3n\u201d.<\/p>\n<p style=\"text-align: justify;\"><img loading=\"lazy\" decoding=\"async\" class=\"wp-image-334845 alignleft\" src=\"http:\/\/sana.sy\/es\/wp-content\/uploads\/2024\/07\/Untitled-1-64.jpg\" alt=\"\" width=\"416\" height=\"233\" srcset=\"https:\/\/archive.sana.sy\/es\/wp-content\/uploads\/2024\/07\/Untitled-1-64.jpg 660w, https:\/\/archive.sana.sy\/es\/wp-content\/uploads\/2024\/07\/Untitled-1-64-300x168.jpg 300w, https:\/\/archive.sana.sy\/es\/wp-content\/uploads\/2024\/07\/Untitled-1-64-150x84.jpg 150w\" sizes=\"(max-width: 416px) 100vw, 416px\" \/>Un comunicado divulgado por Damasco se\u00f1al\u00f3 a Tel Aviv como plenamente responsable de esta peligrosa escalada de violencia de la situaci\u00f3n en la regi\u00f3n.<\/p>\n<p style=\"text-align: justify;\">El Ministerio de Asuntos Exteriores sirio asegur\u00f3 que \u201cIsrael\u201d cometi\u00f3 un crimen atroz en Majdal Shams, y luego culp\u00f3 a la Resistencia Nacional Libanesa.<\/p>\n<p style=\"text-align: justify;\">Sin embargo, agreg\u00f3, los pobladores del Gol\u00e1n no se dejar\u00e1n enga\u00f1ar por las mentiras del ocupante.<\/p>\n<p style=\"text-align: justify;\">La Resistencia de L\u00edbano neg\u00f3 rotundamente su responsabilidad del ataque y afirm\u00f3 que no ten\u00eda nada que ver con el suceso, contrariamente a las afirmaciones israel\u00edes sobre el asunto.<\/p>\n<p style=\"text-align: justify;\">Los informes indican que la explosi\u00f3n pudo causarla un misil antia\u00e9reo de la C\u00fapula de Hierro \u2013el escudo antimisiles de Israel- que se desvi\u00f3 de su rumbo y golpe\u00f3 la zona.<\/p>\n<p style=\"text-align: justify;\">fm<\/p>\n","protected":false},"excerpt":{"rendered":"<p>Sweida, 29 jul (SANA)\u00a0 La m\u00e1xima autoridad de la comunidad de musulmanes monote\u00edstas drusos en Siria asegur\u00f3 hoy que la actitud traicionera israel\u00ed no socavar\u00e1 la determinaci\u00f3n de la poblaci\u00f3n en el Gol\u00e1n sirio ocupado y su lucha por preservar los valores y principios. \u201cRatificamos nuestra solidaridad con nuestros compatriotas en la localidad de Majdal &hellip;<\/p>\n","protected":false},"author":34,"featured_media":334844,"comment_status":"closed","ping_status":"closed","sticky":false,"template":"","format":"standard","meta":{"footnotes":""},"categories":[477,447,597,20724,476],"tags":[],"class_list":["post-334843","post","type-post","status-publish","format-standard","has-post-thumbnail","","category-noticias-edulcorantes","category-local-politica","category-cinta-de-noticias","category-minuto-a-minuto","category-locales"],"_links":{"self":[{"href":"https:\/\/archive.sana.sy\/es\/index.php?rest_route=\/wp\/v2\/posts\/334843"}],"collection":[{"href":"https:\/\/archive.sana.sy\/es\/index.php?rest_route=\/wp\/v2\/posts"}],"about":[{"href":"https:\/\/archive.sana.sy\/es\/index.php?rest_route=\/wp\/v2\/types\/post"}],"author":[{"embeddable":true,"href":"https:\/\/archive.sana.sy\/es\/index.php?rest_route=\/wp\/v2\/users\/34"}],"replies":[{"embeddable":true,"href":"https:\/\/archive.sana.sy\/es\/index.php?rest_route=%2Fwp%2Fv2%2Fcomments&post=334843"}],"version-history":[{"count":1,"href":"https:\/\/archive.sana.sy\/es\/index.php?rest_route=\/wp\/v2\/posts\/334843\/revisions"}],"predecessor-version":[{"id":334846,"href":"https:\/\/archive.sana.sy\/es\/index.php?rest_route=\/wp\/v2\/posts\/334843\/revisions\/334846"}],"wp:featuredmedia":[{"embeddable":true,"href":"https:\/\/archive.sana.sy\/es\/index.php?rest_route=\/wp\/v2\/media\/334844"}],"wp:attachment":[{"href":"https:\/\/archive.sana.sy\/es\/index.php?rest_route=%2Fwp%2Fv2%2Fmedia&parent=334843"}],"wp:term":[{"taxonomy":"category","embeddable":true,"href":"https:\/\/archive.sana.sy\/es\/index.php?rest_route=%2Fwp%2Fv2%2Fcategories&post=334843"},{"taxonomy":"post_tag","embeddable":true,"href":"https:\/\/archive.sana.sy\/es\/index.php?rest_route=%2Fwp%2Fv2%2Ftags&post=334843"}],"curies":[{"name":"wp","href":"https:\/\/api.w.org\/{rel}","templated":true}]}}