{"id":334847,"date":"2024-07-29T10:30:19","date_gmt":"2024-07-29T07:30:19","guid":{"rendered":"https:\/\/sana.sy\/es\/?p=334847"},"modified":"2024-07-29T20:41:29","modified_gmt":"2024-07-29T17:41:29","slug":"maduro-gana-las-elecciones-y-afirma-que-venezuela-esta-de-pie-para-seguir-caminando-su-destino","status":"publish","type":"post","link":"https:\/\/archive.sana.sy\/es\/?p=334847","title":{"rendered":"Maduro gana las elecciones y afirma que Venezuela est\u00e1 de pie para seguir caminando su destino"},"content":{"rendered":"<blockquote>\n<p style=\"text-align: justify;\"><span style=\"color: #800000;\">\u201cTriunfo la voz de la paz y en Venezuela va a ver paz para nuestra patria\u201d, asegur\u00f3; advirti\u00f3 que no permitir\u00e1n una espiral de violencia y llam\u00f3 a \u201cno dejarse arrastrar por la violencia del fascismo\u201d.<\/span><\/p>\n<\/blockquote>\n<p style=\"text-align: justify;\"><span style=\"color: #800000;\"><strong>Caracas, 29 jul (SANA)<\/strong><\/span>\u00a0 \u00a0El presidente de Venezuela, Nicol\u00e1s Maduro, gan\u00f3 los comicios presidenciales celebrados en ese pa\u00eds latinoamericano.<\/p>\n<p style=\"text-align: justify;\">El triunfo de Maduro, quien gobernar\u00e1 Venezuela durante el periodo presidencial 2025 &#8211; 2031, cont\u00f3 con el respaldo de 5 millones 150.092 electores, el 51,20% de los resultados avalados por el Consejo Nacional Electoral (CNE).<\/p>\n<p style=\"text-align: justify;\">Luego de conocerse los resultados de las elecciones, el mandatario afirm\u00f3 hoy que Venezuela est\u00e1 de pie y lista para seguir caminando su destino en el siglo XXI.<\/p>\n<p style=\"text-align: justify;\">En un acto ante cientos de seguidores ante el Palacio de Miraflores, sede del Gobierno, el gobernante manifest\u00f3 que este es el triunfo de la esperanza, de la verdad y se\u00f1ala el camino del comandante Hugo Ch\u00e1vez (1954-2013).<\/p>\n<p style=\"text-align: justify;\">Asegur\u00f3 que en este nuevo mandato que el pueblo le dio \u201cjuro que dar\u00e9 mi vida entera por llevar adelante todos los cambios y transformaciones que necesita la patria\u00bb para encaminarse a un destino de paz, felicidad social y rescatar todos los derechos vulnerados por la guerra econ\u00f3mica.<\/p>\n<p style=\"text-align: justify;\">\u201cTriunfo la voz de la paz y en Venezuela va a ver paz para nuestra patria\u201d, asegur\u00f3; advirti\u00f3 que no permitir\u00e1n una espiral de violencia y llam\u00f3 a \u201cno dejarse arrastrar por la violencia del fascismo\u201d.<\/p>\n<p style=\"text-align: justify;\">El presidente reelecto denunci\u00f3 un ataque masivo al sistema de trasmisi\u00f3n de datos del Consejo Nacional Electoral (CNE) porque \u00ablos demonios no quer\u00edan que se totalizara y se diera el bolet\u00edn oficial\u00bb.<\/p>\n<p><span style=\"color: #800000;\"><strong>fm\/ws<\/strong><\/span><\/p>\n","protected":false},"excerpt":{"rendered":"<p>\u201cTriunfo la voz de la paz y en Venezuela va a ver paz para nuestra patria\u201d, asegur\u00f3; advirti\u00f3 que no permitir\u00e1n una espiral de violencia y llam\u00f3 a \u201cno dejarse arrastrar por la violencia del fascismo\u201d. Caracas, 29 jul (SANA)\u00a0 \u00a0El presidente de Venezuela, Nicol\u00e1s Maduro, gan\u00f3 los comicios presidenciales celebrados en ese pa\u00eds latinoamericano. &hellip;<\/p>\n","protected":false},"author":35,"featured_media":334848,"comment_status":"closed","ping_status":"closed","sticky":false,"template":"","format":"standard","meta":{"footnotes":""},"categories":[597,456,16687,20724,7541],"tags":[],"class_list":["post-334847","post","type-post","status-publish","format-standard","has-post-thumbnail","","category-cinta-de-noticias","category-arabe-internacional-politica","category-internacionales","category-minuto-a-minuto","category-ultimas-noticias"],"_links":{"self":[{"href":"https:\/\/archive.sana.sy\/es\/index.php?rest_route=\/wp\/v2\/posts\/334847"}],"collection":[{"href":"https:\/\/archive.sana.sy\/es\/index.php?rest_route=\/wp\/v2\/posts"}],"about":[{"href":"https:\/\/archive.sana.sy\/es\/index.php?rest_route=\/wp\/v2\/types\/post"}],"author":[{"embeddable":true,"href":"https:\/\/archive.sana.sy\/es\/index.php?rest_route=\/wp\/v2\/users\/35"}],"replies":[{"embeddable":true,"href":"https:\/\/archive.sana.sy\/es\/index.php?rest_route=%2Fwp%2Fv2%2Fcomments&post=334847"}],"version-history":[{"count":1,"href":"https:\/\/archive.sana.sy\/es\/index.php?rest_route=\/wp\/v2\/posts\/334847\/revisions"}],"predecessor-version":[{"id":334849,"href":"https:\/\/archive.sana.sy\/es\/index.php?rest_route=\/wp\/v2\/posts\/334847\/revisions\/334849"}],"wp:featuredmedia":[{"embeddable":true,"href":"https:\/\/archive.sana.sy\/es\/index.php?rest_route=\/wp\/v2\/media\/334848"}],"wp:attachment":[{"href":"https:\/\/archive.sana.sy\/es\/index.php?rest_route=%2Fwp%2Fv2%2Fmedia&parent=334847"}],"wp:term":[{"taxonomy":"category","embeddable":true,"href":"https:\/\/archive.sana.sy\/es\/index.php?rest_route=%2Fwp%2Fv2%2Fcategories&post=334847"},{"taxonomy":"post_tag","embeddable":true,"href":"https:\/\/archive.sana.sy\/es\/index.php?rest_route=%2Fwp%2Fv2%2Ftags&post=334847"}],"curies":[{"name":"wp","href":"https:\/\/api.w.org\/{rel}","templated":true}]}}