{"id":334850,"date":"2024-07-29T15:50:13","date_gmt":"2024-07-29T12:50:13","guid":{"rendered":"https:\/\/sana.sy\/es\/?p=334850"},"modified":"2024-07-29T18:32:09","modified_gmt":"2024-07-29T15:32:09","slug":"siria-gana-cinco-medallas-en-olimpiada-internacional-de-fisica-2024","status":"publish","type":"post","link":"https:\/\/archive.sana.sy\/es\/?p=334850","title":{"rendered":"Siria gana cinco medallas en Olimpiada Internacional de F\u00edsica 2024"},"content":{"rendered":"<p style=\"text-align: justify;\"><strong><span style=\"color: #800000;\">Damasco, 29 jul (SANA)\u00a0<\/span><\/strong> \u00a0Los estudiantes sirios participantes en la Olimpiada Internacional de F\u00edsica 2024, organizada del 21 al 29 de julio en Ir\u00e1n, ganaron dos medallas de plata y tres preseas de bronce.<\/p>\n<p style=\"text-align: justify;\"><img loading=\"lazy\" decoding=\"async\" class=\"size-medium wp-image-334852 alignright\" src=\"http:\/\/sana.sy\/es\/wp-content\/uploads\/2024\/07\/Untitled-2-copy-33-300x201.jpg\" alt=\"\" width=\"300\" height=\"201\" srcset=\"https:\/\/archive.sana.sy\/es\/wp-content\/uploads\/2024\/07\/Untitled-2-copy-33-300x201.jpg 300w, https:\/\/archive.sana.sy\/es\/wp-content\/uploads\/2024\/07\/Untitled-2-copy-33-150x100.jpg 150w, https:\/\/archive.sana.sy\/es\/wp-content\/uploads\/2024\/07\/Untitled-2-copy-33-110x75.jpg 110w, https:\/\/archive.sana.sy\/es\/wp-content\/uploads\/2024\/07\/Untitled-2-copy-33.jpg 660w\" sizes=\"(max-width: 300px) 100vw, 300px\" \/>La Autoridad para la Excelencia y la Creatividad indic\u00f3 en un comunicado, que las dos preseas de plata pertenecieron a los educandos Muhammad Eid al-Akta y Bahaa al-Din Melhem.<\/p>\n<p style=\"text-align: justify;\">Mientras tanto, los estudiantes Abdul Hadi Shamshan, Ziad Jalal Badla y Anas Ali Miyya lograron las medallas de bronce.<\/p>\n<p style=\"text-align: justify;\">Agreg\u00f3 que los campeones del equipo nacional de f\u00edsica, supervisado por el doctor Aqeel Salloum, son estudiantes de educaci\u00f3n secundaria.<\/p>\n<p style=\"text-align: justify;\"><span style=\"color: #800000;\"><strong>ws<\/strong><\/span><\/p>\n","protected":false},"excerpt":{"rendered":"<p>Damasco, 29 jul (SANA)\u00a0 \u00a0Los estudiantes sirios participantes en la Olimpiada Internacional de F\u00edsica 2024, organizada del 21 al 29 de julio en Ir\u00e1n, ganaron dos medallas de plata y tres preseas de bronce. La Autoridad para la Excelencia y la Creatividad indic\u00f3 en un comunicado, que las dos preseas de plata pertenecieron a los &hellip;<\/p>\n","protected":false},"author":35,"featured_media":334851,"comment_status":"closed","ping_status":"closed","sticky":false,"template":"","format":"standard","meta":{"footnotes":""},"categories":[597,494,20724,467,7541],"tags":[],"class_list":["post-334850","post","type-post","status-publish","format-standard","has-post-thumbnail","","category-cinta-de-noticias","category-deportes","category-minuto-a-minuto","category-siria-y-el-mundo","category-ultimas-noticias"],"_links":{"self":[{"href":"https:\/\/archive.sana.sy\/es\/index.php?rest_route=\/wp\/v2\/posts\/334850"}],"collection":[{"href":"https:\/\/archive.sana.sy\/es\/index.php?rest_route=\/wp\/v2\/posts"}],"about":[{"href":"https:\/\/archive.sana.sy\/es\/index.php?rest_route=\/wp\/v2\/types\/post"}],"author":[{"embeddable":true,"href":"https:\/\/archive.sana.sy\/es\/index.php?rest_route=\/wp\/v2\/users\/35"}],"replies":[{"embeddable":true,"href":"https:\/\/archive.sana.sy\/es\/index.php?rest_route=%2Fwp%2Fv2%2Fcomments&post=334850"}],"version-history":[{"count":2,"href":"https:\/\/archive.sana.sy\/es\/index.php?rest_route=\/wp\/v2\/posts\/334850\/revisions"}],"predecessor-version":[{"id":334854,"href":"https:\/\/archive.sana.sy\/es\/index.php?rest_route=\/wp\/v2\/posts\/334850\/revisions\/334854"}],"wp:featuredmedia":[{"embeddable":true,"href":"https:\/\/archive.sana.sy\/es\/index.php?rest_route=\/wp\/v2\/media\/334851"}],"wp:attachment":[{"href":"https:\/\/archive.sana.sy\/es\/index.php?rest_route=%2Fwp%2Fv2%2Fmedia&parent=334850"}],"wp:term":[{"taxonomy":"category","embeddable":true,"href":"https:\/\/archive.sana.sy\/es\/index.php?rest_route=%2Fwp%2Fv2%2Fcategories&post=334850"},{"taxonomy":"post_tag","embeddable":true,"href":"https:\/\/archive.sana.sy\/es\/index.php?rest_route=%2Fwp%2Fv2%2Ftags&post=334850"}],"curies":[{"name":"wp","href":"https:\/\/api.w.org\/{rel}","templated":true}]}}