{"id":334855,"date":"2024-07-29T12:02:27","date_gmt":"2024-07-29T09:02:27","guid":{"rendered":"https:\/\/sana.sy\/es\/?p=334855"},"modified":"2024-07-29T12:02:51","modified_gmt":"2024-07-29T09:02:51","slug":"malasia-solicita-su-ingreso-al-grupo-brics","status":"publish","type":"post","link":"https:\/\/archive.sana.sy\/es\/?p=334855","title":{"rendered":"Malasia solicita su ingreso al grupo BRICS"},"content":{"rendered":"<p style=\"text-align: justify;\"><span style=\"color: #800000;\"><strong>Kuala Lumpur, 29 jul (SANA)<\/strong><\/span>\u00a0 \u00a0El primer ministro de Malasia, Anwar Ibrahim, declar\u00f3 que su pa\u00eds solicit\u00f3 su ingreso el grupo BRICS.<\/p>\n<p style=\"text-align: justify;\">Malasia envi\u00f3 una carta de solicitud de adhesi\u00f3n a la organizaci\u00f3n a Rusia, en su calidad de presidente del bloque, y expres\u00f3 su apertura a participar como pa\u00eds miembro o socio estrat\u00e9gico, subray\u00f3 el ministro malasio.<\/p>\n<p style=\"text-align: justify;\">El s\u00e1bado \u00faltimo, el ministro de Exteriores ruso, Serguei Lavrov, realiz\u00f3 una visita oficial a la naci\u00f3n del sudeste asi\u00e1tico donde se reuni\u00f3 con Ibrahim y ambos abordaron el tema del deseo de Malasia de unirse a los BRICS.<\/p>\n<p style=\"text-align: justify;\">Rusia asumi\u00f3 la presidencia del grupo BRICS para este a\u00f1o, y esto coincidi\u00f3 con la expansi\u00f3n hist\u00f3rica de la organizaci\u00f3n, que ahora incluye a Egipto, Etiop\u00eda, Ir\u00e1n, Emiratos \u00c1rabes Unidos y el Reino de Arabia Saudita, adem\u00e1s de Rusia, Brasil, India, China y Sud\u00e1frica.<\/p>\n<p style=\"text-align: justify;\"><span style=\"color: #800000;\"><strong>ws\/fm<\/strong><\/span><\/p>\n","protected":false},"excerpt":{"rendered":"<p>Kuala Lumpur, 29 jul (SANA)\u00a0 \u00a0El primer ministro de Malasia, Anwar Ibrahim, declar\u00f3 que su pa\u00eds solicit\u00f3 su ingreso el grupo BRICS. Malasia envi\u00f3 una carta de solicitud de adhesi\u00f3n a la organizaci\u00f3n a Rusia, en su calidad de presidente del bloque, y expres\u00f3 su apertura a participar como pa\u00eds miembro o socio estrat\u00e9gico, subray\u00f3 &hellip;<\/p>\n","protected":false},"author":35,"featured_media":334856,"comment_status":"closed","ping_status":"closed","sticky":false,"template":"","format":"standard","meta":{"footnotes":""},"categories":[597,456,16687,20724,7541],"tags":[],"class_list":["post-334855","post","type-post","status-publish","format-standard","has-post-thumbnail","","category-cinta-de-noticias","category-arabe-internacional-politica","category-internacionales","category-minuto-a-minuto","category-ultimas-noticias"],"_links":{"self":[{"href":"https:\/\/archive.sana.sy\/es\/index.php?rest_route=\/wp\/v2\/posts\/334855"}],"collection":[{"href":"https:\/\/archive.sana.sy\/es\/index.php?rest_route=\/wp\/v2\/posts"}],"about":[{"href":"https:\/\/archive.sana.sy\/es\/index.php?rest_route=\/wp\/v2\/types\/post"}],"author":[{"embeddable":true,"href":"https:\/\/archive.sana.sy\/es\/index.php?rest_route=\/wp\/v2\/users\/35"}],"replies":[{"embeddable":true,"href":"https:\/\/archive.sana.sy\/es\/index.php?rest_route=%2Fwp%2Fv2%2Fcomments&post=334855"}],"version-history":[{"count":2,"href":"https:\/\/archive.sana.sy\/es\/index.php?rest_route=\/wp\/v2\/posts\/334855\/revisions"}],"predecessor-version":[{"id":334858,"href":"https:\/\/archive.sana.sy\/es\/index.php?rest_route=\/wp\/v2\/posts\/334855\/revisions\/334858"}],"wp:featuredmedia":[{"embeddable":true,"href":"https:\/\/archive.sana.sy\/es\/index.php?rest_route=\/wp\/v2\/media\/334856"}],"wp:attachment":[{"href":"https:\/\/archive.sana.sy\/es\/index.php?rest_route=%2Fwp%2Fv2%2Fmedia&parent=334855"}],"wp:term":[{"taxonomy":"category","embeddable":true,"href":"https:\/\/archive.sana.sy\/es\/index.php?rest_route=%2Fwp%2Fv2%2Fcategories&post=334855"},{"taxonomy":"post_tag","embeddable":true,"href":"https:\/\/archive.sana.sy\/es\/index.php?rest_route=%2Fwp%2Fv2%2Ftags&post=334855"}],"curies":[{"name":"wp","href":"https:\/\/api.w.org\/{rel}","templated":true}]}}