{"id":334859,"date":"2024-07-29T12:08:04","date_gmt":"2024-07-29T09:08:04","guid":{"rendered":"https:\/\/sana.sy\/es\/?p=334859"},"modified":"2024-07-29T15:41:19","modified_gmt":"2024-07-29T12:41:19","slug":"canciller-sirio-recibe-al-subsecretario-general-de-la-onu-para-operaciones-de-mantenimiento-de-la-paz","status":"publish","type":"post","link":"https:\/\/archive.sana.sy\/es\/?p=334859","title":{"rendered":"Canciller sirio recibe al Subsecretario General de la ONU para Operaciones de Mantenimiento de la Paz"},"content":{"rendered":"<p><span style=\"color: #800000;\"><strong>Damasco, 29 jul (SANA)<\/strong> <\/span>El ministro de Asuntos Exteriores y Expatriados, Faisal Al-Mekdad, recibi\u00f3 hoy al Secretario General Adjunto de las Naciones Unidas para Operaciones de Mantenimiento de la Paz, Jean-Pierre Lacroix, y la delegaci\u00f3n que lo acompa\u00f1a.<\/p>\n<p>El Canciller destac\u00f3 la necesidad de que la Organizaci\u00f3n de Naciones Unidas registre y denuncie las violaciones del ocupante israel\u00ed y sus repetidas agresiones contra Siria e intervenga para detener sus pr\u00e1cticas contra la poblaci\u00f3n siria en el Gol\u00e1n sirio ocupado.<\/p>\n<p>Damasco seguir\u00e1 cooperando y ofreciendo las facilidades necesarias a la Fuerza de las Naciones Unidas de Observaci\u00f3n de la Separaci\u00f3n (FNUOS) para ejecutar el mandato que se le ha confiado, dijo Al-Mekdad durante la reuni\u00f3n.<\/p>\n<p>Reiter\u00f3 el derecho invariable y leg\u00edtimo de Siria a recuperar el Gol\u00e1n ocupado y la necesidad de que la ONU denuncie las repetidas violaciones y ataques israel\u00edes contra Siria.<br \/>\nDenunci\u00f3 el atroz crimen cometido por las fuerzas de ocupaci\u00f3n el s\u00e1bado \u00faltimo en la localidad ocupada de Majdal Shams.<\/p>\n<p>Por su parte, Lacroix acogi\u00f3 con satisfacci\u00f3n la cooperaci\u00f3n y las facilidades brindadas por el gobierno sirio.<\/p>\n<p>Destac\u00f3 el papel de las operaciones de mantenimiento de la paz de las Naciones Unidas en el fortalecimiento de la paz y la seguridad internacionales, y la importancia de los esfuerzos para detener la escalada en la regi\u00f3n.<\/p>\n<p>Explic\u00f3 que \u00e9l y la delegaci\u00f3n que lo acompa\u00f1a ser\u00edan informados directamente sobre el trabajo y la ubicaci\u00f3n de las fuerzas de la FNUOS.<\/p>\n<p>fm\/ed<\/p>\n","protected":false},"excerpt":{"rendered":"<p>Damasco, 29 jul (SANA) El ministro de Asuntos Exteriores y Expatriados, Faisal Al-Mekdad, recibi\u00f3 hoy al Secretario General Adjunto de las Naciones Unidas para Operaciones de Mantenimiento de la Paz, Jean-Pierre Lacroix, y la delegaci\u00f3n que lo acompa\u00f1a. El Canciller destac\u00f3 la necesidad de que la Organizaci\u00f3n de Naciones Unidas registre y denuncie las violaciones &hellip;<\/p>\n","protected":false},"author":32,"featured_media":334860,"comment_status":"closed","ping_status":"closed","sticky":false,"template":"","format":"standard","meta":{"footnotes":""},"categories":[477,597,20724,476,583],"tags":[],"class_list":["post-334859","post","type-post","status-publish","format-standard","has-post-thumbnail","","category-noticias-edulcorantes","category-cinta-de-noticias","category-minuto-a-minuto","category-locales","category-slide"],"_links":{"self":[{"href":"https:\/\/archive.sana.sy\/es\/index.php?rest_route=\/wp\/v2\/posts\/334859"}],"collection":[{"href":"https:\/\/archive.sana.sy\/es\/index.php?rest_route=\/wp\/v2\/posts"}],"about":[{"href":"https:\/\/archive.sana.sy\/es\/index.php?rest_route=\/wp\/v2\/types\/post"}],"author":[{"embeddable":true,"href":"https:\/\/archive.sana.sy\/es\/index.php?rest_route=\/wp\/v2\/users\/32"}],"replies":[{"embeddable":true,"href":"https:\/\/archive.sana.sy\/es\/index.php?rest_route=%2Fwp%2Fv2%2Fcomments&post=334859"}],"version-history":[{"count":2,"href":"https:\/\/archive.sana.sy\/es\/index.php?rest_route=\/wp\/v2\/posts\/334859\/revisions"}],"predecessor-version":[{"id":334886,"href":"https:\/\/archive.sana.sy\/es\/index.php?rest_route=\/wp\/v2\/posts\/334859\/revisions\/334886"}],"wp:featuredmedia":[{"embeddable":true,"href":"https:\/\/archive.sana.sy\/es\/index.php?rest_route=\/wp\/v2\/media\/334860"}],"wp:attachment":[{"href":"https:\/\/archive.sana.sy\/es\/index.php?rest_route=%2Fwp%2Fv2%2Fmedia&parent=334859"}],"wp:term":[{"taxonomy":"category","embeddable":true,"href":"https:\/\/archive.sana.sy\/es\/index.php?rest_route=%2Fwp%2Fv2%2Fcategories&post=334859"},{"taxonomy":"post_tag","embeddable":true,"href":"https:\/\/archive.sana.sy\/es\/index.php?rest_route=%2Fwp%2Fv2%2Ftags&post=334859"}],"curies":[{"name":"wp","href":"https:\/\/api.w.org\/{rel}","templated":true}]}}