{"id":334878,"date":"2024-07-29T10:30:46","date_gmt":"2024-07-29T07:30:46","guid":{"rendered":"https:\/\/sana.sy\/es\/?p=334878"},"modified":"2024-07-29T20:41:23","modified_gmt":"2024-07-29T17:41:23","slug":"israel-asesino-a-39-palestinos-para-un-total-de-39-363-durante-297-dias-de-agresion-a-gaza","status":"publish","type":"post","link":"https:\/\/archive.sana.sy\/es\/?p=334878","title":{"rendered":"Israel asesin\u00f3 a 39 palestinos para un total de 39. 363 durante 297 d\u00edas de agresi\u00f3n a Gaza"},"content":{"rendered":"<p style=\"text-align: justify;\"><span style=\"color: #800000;\"><strong>Jerusal\u00e9n ocupada, 29 jul (SANA)<\/strong> <\/span>Las fuerzas de ocupaci\u00f3n israel\u00edes cometieron tres masacres contra familias palestinas en la Franja de Gaza.<\/p>\n<p style=\"text-align: justify;\">De acuerdo con el comunicado del Ministerio de Salud palestino, 39 personas murieron y 93 resultaron heridos en bombardeos israel\u00edes perpetrados durante las \u00faltimas 24 horas.<\/p>\n<p style=\"text-align: justify;\">Agreg\u00f3 que la cifra total de v\u00edctimas durante 297 l saldo de la agresi\u00f3n israel\u00ed a 39.363 m\u00e1rtires y 90.923 heridos desde el pasado 7 de octubre.<\/p>\n<p style=\"text-align: justify;\">El ente de salud precis\u00f3 que miles de v\u00edctimas todav\u00eda se encuentran bajo los escombros y en las carreteras y las ambulancias y los equipos de defensa civil no pueden acceder a los mismos.<\/p>\n<p style=\"text-align: justify;\">fm\/ed<\/p>\n","protected":false},"excerpt":{"rendered":"<p>Jerusal\u00e9n ocupada, 29 jul (SANA) Las fuerzas de ocupaci\u00f3n israel\u00edes cometieron tres masacres contra familias palestinas en la Franja de Gaza. De acuerdo con el comunicado del Ministerio de Salud palestino, 39 personas murieron y 93 resultaron heridos en bombardeos israel\u00edes perpetrados durante las \u00faltimas 24 horas. Agreg\u00f3 que la cifra total de v\u00edctimas durante &hellip;<\/p>\n","protected":false},"author":32,"featured_media":334879,"comment_status":"closed","ping_status":"closed","sticky":false,"template":"","format":"standard","meta":{"footnotes":""},"categories":[597,456,583],"tags":[],"class_list":["post-334878","post","type-post","status-publish","format-standard","has-post-thumbnail","","category-cinta-de-noticias","category-arabe-internacional-politica","category-slide"],"_links":{"self":[{"href":"https:\/\/archive.sana.sy\/es\/index.php?rest_route=\/wp\/v2\/posts\/334878"}],"collection":[{"href":"https:\/\/archive.sana.sy\/es\/index.php?rest_route=\/wp\/v2\/posts"}],"about":[{"href":"https:\/\/archive.sana.sy\/es\/index.php?rest_route=\/wp\/v2\/types\/post"}],"author":[{"embeddable":true,"href":"https:\/\/archive.sana.sy\/es\/index.php?rest_route=\/wp\/v2\/users\/32"}],"replies":[{"embeddable":true,"href":"https:\/\/archive.sana.sy\/es\/index.php?rest_route=%2Fwp%2Fv2%2Fcomments&post=334878"}],"version-history":[{"count":1,"href":"https:\/\/archive.sana.sy\/es\/index.php?rest_route=\/wp\/v2\/posts\/334878\/revisions"}],"predecessor-version":[{"id":334880,"href":"https:\/\/archive.sana.sy\/es\/index.php?rest_route=\/wp\/v2\/posts\/334878\/revisions\/334880"}],"wp:featuredmedia":[{"embeddable":true,"href":"https:\/\/archive.sana.sy\/es\/index.php?rest_route=\/wp\/v2\/media\/334879"}],"wp:attachment":[{"href":"https:\/\/archive.sana.sy\/es\/index.php?rest_route=%2Fwp%2Fv2%2Fmedia&parent=334878"}],"wp:term":[{"taxonomy":"category","embeddable":true,"href":"https:\/\/archive.sana.sy\/es\/index.php?rest_route=%2Fwp%2Fv2%2Fcategories&post=334878"},{"taxonomy":"post_tag","embeddable":true,"href":"https:\/\/archive.sana.sy\/es\/index.php?rest_route=%2Fwp%2Fv2%2Ftags&post=334878"}],"curies":[{"name":"wp","href":"https:\/\/api.w.org\/{rel}","templated":true}]}}