{"id":334881,"date":"2024-07-29T14:26:30","date_gmt":"2024-07-29T11:26:30","guid":{"rendered":"https:\/\/sana.sy\/es\/?p=334881"},"modified":"2024-07-29T14:26:30","modified_gmt":"2024-07-29T11:26:30","slug":"%e2%9a%a1%ef%b8%8flos-pobladores-del-golan-sirio-ocupado-por-israel-tratan-de-impedir-la-entrada-a-majdal-shams-del-jefe-del-gobierno-de-ocupacion-israeli-benjamin-netanyahu-y-lo-llaman-fascista","status":"publish","type":"post","link":"https:\/\/archive.sana.sy\/es\/?p=334881","title":{"rendered":"&#x26a1;&#xfe0f;Los pobladores del Gol\u00e1n sirio ocupado por Israel tratan de impedir la entrada a Majdal Shams del jefe del gobierno de ocupaci\u00f3n israel\u00ed, Benjam\u00edn Netanyahu, y lo llaman &#8220;fascista&#8221; y &#8220;criminal&#8221;."},"content":{"rendered":"","protected":false},"excerpt":{"rendered":"","protected":false},"author":32,"featured_media":0,"comment_status":"closed","ping_status":"closed","sticky":false,"template":"","format":"standard","meta":{"footnotes":""},"categories":[20724,596],"tags":[],"class_list":["post-334881","post","type-post","status-publish","format-standard","","category-minuto-a-minuto","category-urgente"],"_links":{"self":[{"href":"https:\/\/archive.sana.sy\/es\/index.php?rest_route=\/wp\/v2\/posts\/334881"}],"collection":[{"href":"https:\/\/archive.sana.sy\/es\/index.php?rest_route=\/wp\/v2\/posts"}],"about":[{"href":"https:\/\/archive.sana.sy\/es\/index.php?rest_route=\/wp\/v2\/types\/post"}],"author":[{"embeddable":true,"href":"https:\/\/archive.sana.sy\/es\/index.php?rest_route=\/wp\/v2\/users\/32"}],"replies":[{"embeddable":true,"href":"https:\/\/archive.sana.sy\/es\/index.php?rest_route=%2Fwp%2Fv2%2Fcomments&post=334881"}],"version-history":[{"count":1,"href":"https:\/\/archive.sana.sy\/es\/index.php?rest_route=\/wp\/v2\/posts\/334881\/revisions"}],"predecessor-version":[{"id":334882,"href":"https:\/\/archive.sana.sy\/es\/index.php?rest_route=\/wp\/v2\/posts\/334881\/revisions\/334882"}],"wp:attachment":[{"href":"https:\/\/archive.sana.sy\/es\/index.php?rest_route=%2Fwp%2Fv2%2Fmedia&parent=334881"}],"wp:term":[{"taxonomy":"category","embeddable":true,"href":"https:\/\/archive.sana.sy\/es\/index.php?rest_route=%2Fwp%2Fv2%2Fcategories&post=334881"},{"taxonomy":"post_tag","embeddable":true,"href":"https:\/\/archive.sana.sy\/es\/index.php?rest_route=%2Fwp%2Fv2%2Ftags&post=334881"}],"curies":[{"name":"wp","href":"https:\/\/api.w.org\/{rel}","templated":true}]}}