{"id":334883,"date":"2024-07-29T14:41:50","date_gmt":"2024-07-29T11:41:50","guid":{"rendered":"https:\/\/sana.sy\/es\/?p=334883"},"modified":"2024-07-29T14:41:50","modified_gmt":"2024-07-29T11:41:50","slug":"ataque-israeli-con-dron-mato-a-dos-personas-en-el-sur-del-libano","status":"publish","type":"post","link":"https:\/\/archive.sana.sy\/es\/?p=334883","title":{"rendered":"Ataque israel\u00ed con dron mat\u00f3 a dos personas en el sur del L\u00edbano"},"content":{"rendered":"<p style=\"text-align: justify;\"><span style=\"color: #800000;\"><strong>Beirut, 29 jul (SANA)<\/strong> <\/span>Dos libaneses perdieron la vida y otros resultaron heridos en dos ataques a\u00e9reos del enemigo israel\u00ed en la carretera entre Mais Al-Jabal y Shaqra, en el sur del L\u00edbano.<\/p>\n<p style=\"text-align: justify;\">&#8220;Un dron israel\u00ed atac\u00f3 un autom\u00f3vil, cerca del castillo de Dubeih, hiriendo a dos personas, y cuando otras dos se acercaron al lugar del incidente fueron atacadas con otro dron que caus\u00f3 su muerte inmediata, adem\u00e1s de lesionar a un ni\u00f1o que estaba en el balc\u00f3n de su casa cerca del lugar del ataque&#8221;, inform\u00f3 la Agencia Nacional Libanesa de Noticias.<\/p>\n<p style=\"text-align: justify;\">La semana pasada, una persona perdi\u00f3 la vida y otras dos resultaron heridas en un ataque a\u00e9reo del enemigo israel\u00ed contra la localidad de Rab Al-Talatheen en el sur del L\u00edbano.<\/p>\n<p style=\"text-align: justify;\">ed\/fm<\/p>\n","protected":false},"excerpt":{"rendered":"<p>Beirut, 29 jul (SANA) Dos libaneses perdieron la vida y otros resultaron heridos en dos ataques a\u00e9reos del enemigo israel\u00ed en la carretera entre Mais Al-Jabal y Shaqra, en el sur del L\u00edbano. &#8220;Un dron israel\u00ed atac\u00f3 un autom\u00f3vil, cerca del castillo de Dubeih, hiriendo a dos personas, y cuando otras dos se acercaron al &hellip;<\/p>\n","protected":false},"author":32,"featured_media":334884,"comment_status":"closed","ping_status":"closed","sticky":false,"template":"","format":"standard","meta":{"footnotes":""},"categories":[597,456,20724,7541],"tags":[],"class_list":["post-334883","post","type-post","status-publish","format-standard","has-post-thumbnail","","category-cinta-de-noticias","category-arabe-internacional-politica","category-minuto-a-minuto","category-ultimas-noticias"],"_links":{"self":[{"href":"https:\/\/archive.sana.sy\/es\/index.php?rest_route=\/wp\/v2\/posts\/334883"}],"collection":[{"href":"https:\/\/archive.sana.sy\/es\/index.php?rest_route=\/wp\/v2\/posts"}],"about":[{"href":"https:\/\/archive.sana.sy\/es\/index.php?rest_route=\/wp\/v2\/types\/post"}],"author":[{"embeddable":true,"href":"https:\/\/archive.sana.sy\/es\/index.php?rest_route=\/wp\/v2\/users\/32"}],"replies":[{"embeddable":true,"href":"https:\/\/archive.sana.sy\/es\/index.php?rest_route=%2Fwp%2Fv2%2Fcomments&post=334883"}],"version-history":[{"count":1,"href":"https:\/\/archive.sana.sy\/es\/index.php?rest_route=\/wp\/v2\/posts\/334883\/revisions"}],"predecessor-version":[{"id":334885,"href":"https:\/\/archive.sana.sy\/es\/index.php?rest_route=\/wp\/v2\/posts\/334883\/revisions\/334885"}],"wp:featuredmedia":[{"embeddable":true,"href":"https:\/\/archive.sana.sy\/es\/index.php?rest_route=\/wp\/v2\/media\/334884"}],"wp:attachment":[{"href":"https:\/\/archive.sana.sy\/es\/index.php?rest_route=%2Fwp%2Fv2%2Fmedia&parent=334883"}],"wp:term":[{"taxonomy":"category","embeddable":true,"href":"https:\/\/archive.sana.sy\/es\/index.php?rest_route=%2Fwp%2Fv2%2Fcategories&post=334883"},{"taxonomy":"post_tag","embeddable":true,"href":"https:\/\/archive.sana.sy\/es\/index.php?rest_route=%2Fwp%2Fv2%2Ftags&post=334883"}],"curies":[{"name":"wp","href":"https:\/\/api.w.org\/{rel}","templated":true}]}}