{"id":334887,"date":"2024-07-29T16:12:01","date_gmt":"2024-07-29T13:12:01","guid":{"rendered":"https:\/\/sana.sy\/es\/?p=334887"},"modified":"2024-07-29T20:03:54","modified_gmt":"2024-07-29T17:03:54","slug":"los-golaneses-protestan-contra-visita-del-criminal-de-guerra-benjamin-netanyahu","status":"publish","type":"post","link":"https:\/\/archive.sana.sy\/es\/?p=334887","title":{"rendered":"Los golaneses protestan contra visita del criminal de guerra Benjam\u00edn Netanyahu"},"content":{"rendered":"<blockquote>\n<p style=\"text-align: justify;\"><span style=\"color: #993300;\">Nuestro corresponsal en el Gol\u00e1n inform\u00f3 que los pobladores enfrentaron a Netanyahu y lo llamaron \u201cfascista\u201d y \u201ccriminal\u201d, e intentaron impedir su entrada al campo de f\u00fatbol donde ocurri\u00f3 la masacre.<\/span><\/p>\n<\/blockquote>\n<p style=\"text-align: justify;\"><span style=\"color: #800000;\"><strong>Gol\u00e1n sirio ocupado, 29 jul (SANA)<\/strong><\/span>\u00a0 Cientos de residentes del Gol\u00e1n sirio ocupado se manifestaron hoy en la localidad de Majdal Shams, para expresar su rechazo a la visita del primer ministro israel\u00ed Benjam\u00edn Netanyahu, al lugar de la masacre cometida el s\u00e1bado \u00faltimo por sus fuerzas en la referida localidad.<\/p>\n<p style=\"text-align: justify;\">Nuestro corresponsal en el Gol\u00e1n inform\u00f3 que los pobladores enfrentaron a Netanyahu y lo llamaron \u201cfascista\u201d y \u201ccriminal\u201d, e intentaron impedir su entrada al campo de f\u00fatbol donde ocurri\u00f3 la masacre.<\/p>\n<p style=\"text-align: justify;\">Asimismo, corearon consignas que exigen que abandonara la localidad e izaron carteles que lo tachan de criminal de guerra y asesino de ni\u00f1os, y denuncian las pr\u00e1cticas agresivas del ocupante en el Gol\u00e1n ocupado y la guerra en la Franja de Gaza.<\/p>\n<p style=\"text-align: justify;\">Despu\u00e9s de que los vecinos impidieran a Netanyahu de entrar al campo de f\u00fatbol, \u00e9ste se vio obligado a entrar, acompa\u00f1ado de sus escoltas, por una puerta trasera.<\/p>\n<p style=\"text-align: justify;\">La v\u00edspera, miles de personas del Gol\u00e1n sirio ocupado y delegaciones de los territorios palestinos ocupados despidieron a los 12 ni\u00f1os que murieron como consecuencia de la explosi\u00f3n de un misil interceptor israel\u00ed que cay\u00f3 en el campo de f\u00fatbol.<\/p>\n<p style=\"text-align: justify;\">fm\/ahs<\/p>\n","protected":false},"excerpt":{"rendered":"<p>Nuestro corresponsal en el Gol\u00e1n inform\u00f3 que los pobladores enfrentaron a Netanyahu y lo llamaron \u201cfascista\u201d y \u201ccriminal\u201d, e intentaron impedir su entrada al campo de f\u00fatbol donde ocurri\u00f3 la masacre. Gol\u00e1n sirio ocupado, 29 jul (SANA)\u00a0 Cientos de residentes del Gol\u00e1n sirio ocupado se manifestaron hoy en la localidad de Majdal Shams, para expresar &hellip;<\/p>\n","protected":false},"author":32,"featured_media":334888,"comment_status":"closed","ping_status":"closed","sticky":false,"template":"","format":"standard","meta":{"footnotes":""},"categories":[597,573,476,7541],"tags":[],"class_list":["post-334887","post","type-post","status-publish","format-standard","has-post-thumbnail","","category-cinta-de-noticias","category-la-realidad-de-los-acontecimientos-en-siria","category-locales","category-ultimas-noticias"],"_links":{"self":[{"href":"https:\/\/archive.sana.sy\/es\/index.php?rest_route=\/wp\/v2\/posts\/334887"}],"collection":[{"href":"https:\/\/archive.sana.sy\/es\/index.php?rest_route=\/wp\/v2\/posts"}],"about":[{"href":"https:\/\/archive.sana.sy\/es\/index.php?rest_route=\/wp\/v2\/types\/post"}],"author":[{"embeddable":true,"href":"https:\/\/archive.sana.sy\/es\/index.php?rest_route=\/wp\/v2\/users\/32"}],"replies":[{"embeddable":true,"href":"https:\/\/archive.sana.sy\/es\/index.php?rest_route=%2Fwp%2Fv2%2Fcomments&post=334887"}],"version-history":[{"count":5,"href":"https:\/\/archive.sana.sy\/es\/index.php?rest_route=\/wp\/v2\/posts\/334887\/revisions"}],"predecessor-version":[{"id":334893,"href":"https:\/\/archive.sana.sy\/es\/index.php?rest_route=\/wp\/v2\/posts\/334887\/revisions\/334893"}],"wp:featuredmedia":[{"embeddable":true,"href":"https:\/\/archive.sana.sy\/es\/index.php?rest_route=\/wp\/v2\/media\/334888"}],"wp:attachment":[{"href":"https:\/\/archive.sana.sy\/es\/index.php?rest_route=%2Fwp%2Fv2%2Fmedia&parent=334887"}],"wp:term":[{"taxonomy":"category","embeddable":true,"href":"https:\/\/archive.sana.sy\/es\/index.php?rest_route=%2Fwp%2Fv2%2Fcategories&post=334887"},{"taxonomy":"post_tag","embeddable":true,"href":"https:\/\/archive.sana.sy\/es\/index.php?rest_route=%2Fwp%2Fv2%2Ftags&post=334887"}],"curies":[{"name":"wp","href":"https:\/\/api.w.org\/{rel}","templated":true}]}}