{"id":334905,"date":"2024-07-29T16:15:00","date_gmt":"2024-07-29T13:15:00","guid":{"rendered":"https:\/\/sana.sy\/es\/?p=334905"},"modified":"2024-07-29T20:04:03","modified_gmt":"2024-07-29T17:04:03","slug":"siria-saluda-honorable-postura-de-los-golaneses-de-rechazo-a-la-visita-de-netanyahu-a-majdal-shams","status":"publish","type":"post","link":"https:\/\/archive.sana.sy\/es\/?p=334905","title":{"rendered":"Siria saluda honorable postura de los golaneses de rechazo a la visita de Netanyahu a Majdal Shams"},"content":{"rendered":"<p style=\"text-align: justify;\"><span style=\"color: #800000;\"><strong>Damasco, 29 jul (SANA)\u00a0<\/strong><\/span> El Gobierno de Siria ensalz\u00f3 hoy la postura heroica de la poblaci\u00f3n del Gol\u00e1n sirio ocupado de rechazo a la visita del criminal de guerra Benjam\u00edn Netanyahu a Majdal Shams, tras el sangriento ataque israel\u00ed en un campo de f\u00fatbol que cobr\u00f3 la vida de 12 menores.<\/p>\n<p style=\"text-align: justify;\">\u201cSiria condena este acto insolente del criminal de guerra Netanyahu, que cometi\u00f3 cr\u00edmenes de genocidio contra el pueblo palestino mediante su agresi\u00f3n contra Gaza que comenz\u00f3 el 7 de octubre pasado\u201d, declar\u00f3 hoy el Ministerio de Asuntos Exteriores.<\/p>\n<p style=\"text-align: justify;\">Elogi\u00f3 la posici\u00f3n digna de los golaneses y su continuo enfrentamiento a la maquinaria de guerra israel\u00ed durante m\u00e1s de 57 a\u00f1os de ocupaci\u00f3n, y su rechazo a todos los intentos de desintegraci\u00f3n de la identidad siria.<\/p>\n<p style=\"text-align: justify;\">\u201cLa postura de los golaneses demuestra de manera concluyente que el Gol\u00e1n es una tierra siria ocupada, y seguir\u00e1 siendo una parte querida para los sirios, y que su firme pueblo seguir\u00e1 aferr\u00e1ndose a la tierra y a la identidad, y orgulloso de su pertenencia a la patria\u201d, concluy\u00f3 Canciller\u00eda su comunicado.<\/p>\n<p style=\"text-align: justify;\">Los pobladores del Gol\u00e1n sirio ocupado por Israel desde 1967 mostraron su ira e indignaci\u00f3n al jefe del gobierno israel\u00ed, Benjam\u00edn Netanyahu, y lo calificaron de fascista y criminal.<\/p>\n<p style=\"text-align: justify;\">\u201cVete de aqu\u00ed\u201d y \u201cNo eres bienvenido\u201d, fueron algunos de los gritos de los pobladores que protestaron contra la visita del premier israel\u00ed a la localidad de Majdal Shams que fue el s\u00e1bado \u00faltimo testigo de un ataque que caus\u00f3 la muerte de 12 menores de edad.<\/p>\n<p style=\"text-align: justify;\">Miles de personas participaron este domingo en los funerales de los 12 ni\u00f1os que murieron tras la explosi\u00f3n de un misil interceptor israel\u00ed que cay\u00f3 en un campo de f\u00fatbol de la localidad ocupada siria de Majdal Shams.<\/p>\n<p style=\"text-align: justify;\">La Resistencia del L\u00edbano hab\u00eda negado rotundamente su responsabilidad del ataque y afirm\u00f3 que no ten\u00eda nada que ver con el incidente contrariamente a las afirmaciones israel\u00edes sobre el asunto.<\/p>\n<p style=\"text-align: justify;\">Los informes indican que la explosi\u00f3n pudo causarla un misil antia\u00e9reo de la C\u00fapula de Hierro que se desvi\u00f3 de su rumbo y golpe\u00f3 la zona.<\/p>\n<p style=\"text-align: justify;\">rr\/fm<\/p>\n","protected":false},"excerpt":{"rendered":"<p>Damasco, 29 jul (SANA)\u00a0 El Gobierno de Siria ensalz\u00f3 hoy la postura heroica de la poblaci\u00f3n del Gol\u00e1n sirio ocupado de rechazo a la visita del criminal de guerra Benjam\u00edn Netanyahu a Majdal Shams, tras el sangriento ataque israel\u00ed en un campo de f\u00fatbol que cobr\u00f3 la vida de 12 menores. \u201cSiria condena este acto &hellip;<\/p>\n","protected":false},"author":31,"featured_media":334906,"comment_status":"closed","ping_status":"closed","sticky":false,"template":"","format":"standard","meta":{"footnotes":""},"categories":[597,476,583],"tags":[],"class_list":["post-334905","post","type-post","status-publish","format-standard","has-post-thumbnail","","category-cinta-de-noticias","category-locales","category-slide"],"_links":{"self":[{"href":"https:\/\/archive.sana.sy\/es\/index.php?rest_route=\/wp\/v2\/posts\/334905"}],"collection":[{"href":"https:\/\/archive.sana.sy\/es\/index.php?rest_route=\/wp\/v2\/posts"}],"about":[{"href":"https:\/\/archive.sana.sy\/es\/index.php?rest_route=\/wp\/v2\/types\/post"}],"author":[{"embeddable":true,"href":"https:\/\/archive.sana.sy\/es\/index.php?rest_route=\/wp\/v2\/users\/31"}],"replies":[{"embeddable":true,"href":"https:\/\/archive.sana.sy\/es\/index.php?rest_route=%2Fwp%2Fv2%2Fcomments&post=334905"}],"version-history":[{"count":1,"href":"https:\/\/archive.sana.sy\/es\/index.php?rest_route=\/wp\/v2\/posts\/334905\/revisions"}],"predecessor-version":[{"id":334907,"href":"https:\/\/archive.sana.sy\/es\/index.php?rest_route=\/wp\/v2\/posts\/334905\/revisions\/334907"}],"wp:featuredmedia":[{"embeddable":true,"href":"https:\/\/archive.sana.sy\/es\/index.php?rest_route=\/wp\/v2\/media\/334906"}],"wp:attachment":[{"href":"https:\/\/archive.sana.sy\/es\/index.php?rest_route=%2Fwp%2Fv2%2Fmedia&parent=334905"}],"wp:term":[{"taxonomy":"category","embeddable":true,"href":"https:\/\/archive.sana.sy\/es\/index.php?rest_route=%2Fwp%2Fv2%2Fcategories&post=334905"},{"taxonomy":"post_tag","embeddable":true,"href":"https:\/\/archive.sana.sy\/es\/index.php?rest_route=%2Fwp%2Fv2%2Ftags&post=334905"}],"curies":[{"name":"wp","href":"https:\/\/api.w.org\/{rel}","templated":true}]}}