{"id":334908,"date":"2024-07-29T20:38:45","date_gmt":"2024-07-29T17:38:45","guid":{"rendered":"https:\/\/sana.sy\/es\/?p=334908"},"modified":"2024-07-29T20:39:06","modified_gmt":"2024-07-29T17:39:06","slug":"parlamento-sirio-condena-brutal-crimen-israeli-en-majdal-shams","status":"publish","type":"post","link":"https:\/\/archive.sana.sy\/es\/?p=334908","title":{"rendered":"Parlamento sirio condena brutal crimen israel\u00ed en Majdal Shams"},"content":{"rendered":"<p style=\"text-align: justify;\"><span style=\"color: #800000;\"><strong>Damasco, 29 jul (SANA)<\/strong><\/span> La Asamblea del Pueblo (Parlamento) conden\u00f3 el brutal crimen cometido por las fuerzas sionistas en la localidad de Majdal Shams, en el Gol\u00e1n \u00e1rabe sirio ocupado, y caus\u00f3 la muerte de varias civiles, la mayor\u00eda son ni\u00f1os.<\/p>\n<p style=\"text-align: justify;\">\u201cEsta agresi\u00f3n contra nuestro pueblo en el Gol\u00e1n ocupado forma parte de los repetidos ataques terroristas y comportamientos racistas que el ocupante sionista sigue practicando desde la creaci\u00f3n de Israel\u201d, afirm\u00f3 el Legislativo en una declaraci\u00f3n.<\/p>\n<p style=\"text-align: justify;\">Se\u00f1al\u00f3 que esta horrible masacre es un nuevo intento de agravar la situaci\u00f3n en la regi\u00f3n y ampliar las pr\u00e1cticas criminales del ocupante que violan los principios de las Naciones Unidas y los derechos humanos.<\/p>\n<p style=\"text-align: justify;\">El Parlamento expres\u00f3 su condena en los t\u00e9rminos m\u00e1s en\u00e9rgicos a este crimen atroz contra los pobladores de Majdal Shams, y sus condolencias y total solidaridad con las familias de las v\u00edctimas, y reiter\u00f3 su apoyo firme al pueblo del Gol\u00e1n ocupado hasta su liberaci\u00f3n.<\/p>\n<p style=\"text-align: justify;\">ahs\/rr\/fm<\/p>\n","protected":false},"excerpt":{"rendered":"<p>Damasco, 29 jul (SANA) La Asamblea del Pueblo (Parlamento) conden\u00f3 el brutal crimen cometido por las fuerzas sionistas en la localidad de Majdal Shams, en el Gol\u00e1n \u00e1rabe sirio ocupado, y caus\u00f3 la muerte de varias civiles, la mayor\u00eda son ni\u00f1os. \u201cEsta agresi\u00f3n contra nuestro pueblo en el Gol\u00e1n ocupado forma parte de los repetidos &hellip;<\/p>\n","protected":false},"author":32,"featured_media":334909,"comment_status":"closed","ping_status":"closed","sticky":false,"template":"","format":"standard","meta":{"footnotes":""},"categories":[597,476],"tags":[],"class_list":["post-334908","post","type-post","status-publish","format-standard","has-post-thumbnail","","category-cinta-de-noticias","category-locales"],"_links":{"self":[{"href":"https:\/\/archive.sana.sy\/es\/index.php?rest_route=\/wp\/v2\/posts\/334908"}],"collection":[{"href":"https:\/\/archive.sana.sy\/es\/index.php?rest_route=\/wp\/v2\/posts"}],"about":[{"href":"https:\/\/archive.sana.sy\/es\/index.php?rest_route=\/wp\/v2\/types\/post"}],"author":[{"embeddable":true,"href":"https:\/\/archive.sana.sy\/es\/index.php?rest_route=\/wp\/v2\/users\/32"}],"replies":[{"embeddable":true,"href":"https:\/\/archive.sana.sy\/es\/index.php?rest_route=%2Fwp%2Fv2%2Fcomments&post=334908"}],"version-history":[{"count":2,"href":"https:\/\/archive.sana.sy\/es\/index.php?rest_route=\/wp\/v2\/posts\/334908\/revisions"}],"predecessor-version":[{"id":334911,"href":"https:\/\/archive.sana.sy\/es\/index.php?rest_route=\/wp\/v2\/posts\/334908\/revisions\/334911"}],"wp:featuredmedia":[{"embeddable":true,"href":"https:\/\/archive.sana.sy\/es\/index.php?rest_route=\/wp\/v2\/media\/334909"}],"wp:attachment":[{"href":"https:\/\/archive.sana.sy\/es\/index.php?rest_route=%2Fwp%2Fv2%2Fmedia&parent=334908"}],"wp:term":[{"taxonomy":"category","embeddable":true,"href":"https:\/\/archive.sana.sy\/es\/index.php?rest_route=%2Fwp%2Fv2%2Fcategories&post=334908"},{"taxonomy":"post_tag","embeddable":true,"href":"https:\/\/archive.sana.sy\/es\/index.php?rest_route=%2Fwp%2Fv2%2Ftags&post=334908"}],"curies":[{"name":"wp","href":"https:\/\/api.w.org\/{rel}","templated":true}]}}