{"id":334912,"date":"2024-07-30T05:54:18","date_gmt":"2024-07-30T02:54:18","guid":{"rendered":"https:\/\/sana.sy\/es\/?p=334912"},"modified":"2024-07-30T06:05:49","modified_gmt":"2024-07-30T03:05:49","slug":"presidente-de-iran-recibe-a-delegacion-siria-encabezada-por-el-primer-ministro","status":"publish","type":"post","link":"https:\/\/archive.sana.sy\/es\/?p=334912","title":{"rendered":"Presidente de Ir\u00e1n recibe a delegaci\u00f3n siria encabezada por el Primer Ministro"},"content":{"rendered":"<p style=\"text-align: justify;\"><span style=\"color: #800000;\"><strong>Teher\u00e1n, 30 jul (SANA)<\/strong> \u00a0<\/span>El presidente iran\u00ed Masoud Pezeshkian, recibi\u00f3 al primer ministro sirio Hussein Arnous quien encabeza una delegaci\u00f3n gubernamental siria, que incluye al canciller Faisal Al-Mekdad y al ministro de Econom\u00eda y Comercio Exterior, Muhammad Samer Al-Khalil.<\/p>\n<p style=\"text-align: justify;\">El mandatario destac\u00f3 que las relaciones bilaterales han sido buenas y distinguidas durante d\u00e9cadas, gracias al apoyo conjunto a las causas justas, y llam\u00f3 a centrarse en el desarrollo de las relaciones en todos los campos, especialmente lo econ\u00f3mico, cient\u00edfico y cultural, y elevarlas al nivel de relaciones pol\u00edticas.<\/p>\n<p style=\"text-align: justify;\">Llam\u00f3 a evaluar lo logrado en el curso de las relaciones e identificar los puntos que a\u00fan necesitan m\u00e1s atenci\u00f3n y trabajo conjunto, y destac\u00f3 la importancia de la dimensi\u00f3n institucional para seguir fortaleciendo y desarrollando la relaci\u00f3n entre los dos pa\u00edses en todos los campos.<\/p>\n<p style=\"text-align: justify;\"><img loading=\"lazy\" decoding=\"async\" class=\"wp-image-334913 alignleft\" src=\"http:\/\/sana.sy\/es\/wp-content\/uploads\/2024\/07\/photo_2024-07-29_19-40-19-3-copy.jpg\" alt=\"\" width=\"344\" height=\"213\" srcset=\"https:\/\/archive.sana.sy\/es\/wp-content\/uploads\/2024\/07\/photo_2024-07-29_19-40-19-3-copy.jpg 660w, https:\/\/archive.sana.sy\/es\/wp-content\/uploads\/2024\/07\/photo_2024-07-29_19-40-19-3-copy-300x186.jpg 300w, https:\/\/archive.sana.sy\/es\/wp-content\/uploads\/2024\/07\/photo_2024-07-29_19-40-19-3-copy-150x93.jpg 150w\" sizes=\"(max-width: 344px) 100vw, 344px\" \/>A su vez, Arnous felicit\u00f3 al presidente Pezeshkian y le traslad\u00f3 los saludos del presidente Bashar Al-Assad y sus felicitaciones por ganar la confianza del pueblo iran\u00ed y ser elegido como presidente de la Rep\u00fablica Isl\u00e1mica de Ir\u00e1n.<\/p>\n<p style=\"text-align: justify;\">Entreg\u00f3 una invitaci\u00f3n del presidente Bashar Al-Assad a su hom\u00f3logo iran\u00ed para visitar Damasco lo antes posible, y el presidente Pezeshkian acogi\u00f3 con agrado la invitaci\u00f3n y prometi\u00f3 cumplirla.<\/p>\n<p style=\"text-align: justify;\">El ingeniero Arnous expres\u00f3 su confianza en que las relaciones entre los dos pa\u00edses se profundizar\u00e1n en la pr\u00f3xima etapa, y explic\u00f3 \u00a0que la situaci\u00f3n en Siria actualmente se ha vuelto m\u00e1s segura y estable, gracias a los sacrificios del pueblo sirio y el apoyo de hermanos y amigos.<\/p>\n<p style=\"text-align: justify;\">fm<\/p>\n","protected":false},"excerpt":{"rendered":"<p>Teher\u00e1n, 30 jul (SANA) \u00a0El presidente iran\u00ed Masoud Pezeshkian, recibi\u00f3 al primer ministro sirio Hussein Arnous quien encabeza una delegaci\u00f3n gubernamental siria, que incluye al canciller Faisal Al-Mekdad y al ministro de Econom\u00eda y Comercio Exterior, Muhammad Samer Al-Khalil. El mandatario destac\u00f3 que las relaciones bilaterales han sido buenas y distinguidas durante d\u00e9cadas, gracias al &hellip;<\/p>\n","protected":false},"author":34,"featured_media":334914,"comment_status":"closed","ping_status":"closed","sticky":false,"template":"","format":"standard","meta":{"footnotes":""},"categories":[447,477,597,20724,476,467,583],"tags":[],"class_list":["post-334912","post","type-post","status-publish","format-standard","has-post-thumbnail","","category-local-politica","category-noticias-edulcorantes","category-cinta-de-noticias","category-minuto-a-minuto","category-locales","category-siria-y-el-mundo","category-slide"],"_links":{"self":[{"href":"https:\/\/archive.sana.sy\/es\/index.php?rest_route=\/wp\/v2\/posts\/334912"}],"collection":[{"href":"https:\/\/archive.sana.sy\/es\/index.php?rest_route=\/wp\/v2\/posts"}],"about":[{"href":"https:\/\/archive.sana.sy\/es\/index.php?rest_route=\/wp\/v2\/types\/post"}],"author":[{"embeddable":true,"href":"https:\/\/archive.sana.sy\/es\/index.php?rest_route=\/wp\/v2\/users\/34"}],"replies":[{"embeddable":true,"href":"https:\/\/archive.sana.sy\/es\/index.php?rest_route=%2Fwp%2Fv2%2Fcomments&post=334912"}],"version-history":[{"count":2,"href":"https:\/\/archive.sana.sy\/es\/index.php?rest_route=\/wp\/v2\/posts\/334912\/revisions"}],"predecessor-version":[{"id":334916,"href":"https:\/\/archive.sana.sy\/es\/index.php?rest_route=\/wp\/v2\/posts\/334912\/revisions\/334916"}],"wp:featuredmedia":[{"embeddable":true,"href":"https:\/\/archive.sana.sy\/es\/index.php?rest_route=\/wp\/v2\/media\/334914"}],"wp:attachment":[{"href":"https:\/\/archive.sana.sy\/es\/index.php?rest_route=%2Fwp%2Fv2%2Fmedia&parent=334912"}],"wp:term":[{"taxonomy":"category","embeddable":true,"href":"https:\/\/archive.sana.sy\/es\/index.php?rest_route=%2Fwp%2Fv2%2Fcategories&post=334912"},{"taxonomy":"post_tag","embeddable":true,"href":"https:\/\/archive.sana.sy\/es\/index.php?rest_route=%2Fwp%2Fv2%2Ftags&post=334912"}],"curies":[{"name":"wp","href":"https:\/\/api.w.org\/{rel}","templated":true}]}}