{"id":334923,"date":"2024-07-30T16:04:09","date_gmt":"2024-07-30T13:04:09","guid":{"rendered":"https:\/\/sana.sy\/es\/?p=334923"},"modified":"2024-07-30T16:04:09","modified_gmt":"2024-07-30T13:04:09","slug":"muere-un-civil-en-bombardeo-israeli-contra-bint-jbeil-en-el-sur-del-libano","status":"publish","type":"post","link":"https:\/\/archive.sana.sy\/es\/?p=334923","title":{"rendered":"Muere un civil en bombardeo israel\u00ed contra Bint Jbeil, en el sur del L\u00edbano."},"content":{"rendered":"<p style=\"text-align: justify;\"><span style=\"color: #800000;\"><strong>Beirut, 30 jul (SANA)\u00a0<\/strong> <\/span>Un ciudadano liban\u00e9s perdi\u00f3 la vida en una incursi\u00f3n israel\u00ed en la localidad de Bint Jbeil, en el sur del L\u00edbano.<\/p>\n<p style=\"text-align: justify;\">La Agencia Nacional Libanesa de Noticias inform\u00f3 que el ataque fue llevado a cabo con un dron que impact\u00f3 contra una casa, lo que provoc\u00f3 la muerte de un joven, adem\u00e1s de graves da\u00f1os materiales en la casa.<\/p>\n<p style=\"text-align: justify;\">El \u00faltimo lunes, dos libaneses perdieron la vida y otros resultaron heridos en dos ataques a\u00e9reos israel\u00edes en la carretera entre Mais Al-Jabal y Shaqra, en el sur del L\u00edbano.<\/p>\n<p style=\"text-align: justify;\">ed\/fm<\/p>\n","protected":false},"excerpt":{"rendered":"<p>Beirut, 30 jul (SANA)\u00a0 Un ciudadano liban\u00e9s perdi\u00f3 la vida en una incursi\u00f3n israel\u00ed en la localidad de Bint Jbeil, en el sur del L\u00edbano. La Agencia Nacional Libanesa de Noticias inform\u00f3 que el ataque fue llevado a cabo con un dron que impact\u00f3 contra una casa, lo que provoc\u00f3 la muerte de un joven, &hellip;<\/p>\n","protected":false},"author":32,"featured_media":334925,"comment_status":"closed","ping_status":"closed","sticky":false,"template":"","format":"standard","meta":{"footnotes":""},"categories":[597,456,20724,7541],"tags":[],"class_list":["post-334923","post","type-post","status-publish","format-standard","has-post-thumbnail","","category-cinta-de-noticias","category-arabe-internacional-politica","category-minuto-a-minuto","category-ultimas-noticias"],"_links":{"self":[{"href":"https:\/\/archive.sana.sy\/es\/index.php?rest_route=\/wp\/v2\/posts\/334923"}],"collection":[{"href":"https:\/\/archive.sana.sy\/es\/index.php?rest_route=\/wp\/v2\/posts"}],"about":[{"href":"https:\/\/archive.sana.sy\/es\/index.php?rest_route=\/wp\/v2\/types\/post"}],"author":[{"embeddable":true,"href":"https:\/\/archive.sana.sy\/es\/index.php?rest_route=\/wp\/v2\/users\/32"}],"replies":[{"embeddable":true,"href":"https:\/\/archive.sana.sy\/es\/index.php?rest_route=%2Fwp%2Fv2%2Fcomments&post=334923"}],"version-history":[{"count":1,"href":"https:\/\/archive.sana.sy\/es\/index.php?rest_route=\/wp\/v2\/posts\/334923\/revisions"}],"predecessor-version":[{"id":334926,"href":"https:\/\/archive.sana.sy\/es\/index.php?rest_route=\/wp\/v2\/posts\/334923\/revisions\/334926"}],"wp:featuredmedia":[{"embeddable":true,"href":"https:\/\/archive.sana.sy\/es\/index.php?rest_route=\/wp\/v2\/media\/334925"}],"wp:attachment":[{"href":"https:\/\/archive.sana.sy\/es\/index.php?rest_route=%2Fwp%2Fv2%2Fmedia&parent=334923"}],"wp:term":[{"taxonomy":"category","embeddable":true,"href":"https:\/\/archive.sana.sy\/es\/index.php?rest_route=%2Fwp%2Fv2%2Fcategories&post=334923"},{"taxonomy":"post_tag","embeddable":true,"href":"https:\/\/archive.sana.sy\/es\/index.php?rest_route=%2Fwp%2Fv2%2Ftags&post=334923"}],"curies":[{"name":"wp","href":"https:\/\/api.w.org\/{rel}","templated":true}]}}