{"id":334952,"date":"2024-07-30T19:23:10","date_gmt":"2024-07-30T16:23:10","guid":{"rendered":"https:\/\/sana.sy\/es\/?p=334952"},"modified":"2024-07-30T19:28:01","modified_gmt":"2024-07-30T16:28:01","slug":"pezeshkian-presta-juramento-como-nuevo-presidente-de-iran","status":"publish","type":"post","link":"https:\/\/archive.sana.sy\/es\/?p=334952","title":{"rendered":"Pezeshkian presta juramento como nuevo presidente de Ir\u00e1n"},"content":{"rendered":"<p style=\"text-align: justify\"><span style=\"color: #800000\"><strong>Teher\u00e1n, 30 (SANA)<\/strong><\/span> El mandatario iran\u00ed Masoud Pezeshkian prest\u00f3 hoy juramento como nuevo Presidente de la Rep\u00fablica Isl\u00e1mica de Ir\u00e1n en la sede del Parlamento iran\u00ed.<\/p>\n<p style=\"text-align: justify\">La ceremonia que cont\u00f3 con la presencia de 104 delegaciones de 86 pa\u00edses de todo el mundo, tuvo lugar en el Consejo de Shura iran\u00ed (Parlamento).<\/p>\n<p style=\"text-align: justify\">La delegaci\u00f3n siria a este evento fue integrada por el primer ministro Hussein Arnous, quien estuvo al frente de la misma, el canciller Faisal Al-Mekdad, el titular de Econom\u00eda y Comercio Exterior Muhammad Samer Al-Khalil, adem\u00e1s de Shafiq Dayoub. embajador sirio en Teher\u00e1n.<\/p>\n<p style=\"text-align: justify\">El jefe del Estado electo afirm\u00f3 que el nuevo gobierno iran\u00ed \u201cser\u00e1 un gobierno de consenso nacional y representar\u00e1 a todos los espectros del pueblo\u201d, as\u00ed como buscar\u00e1 un cambio dr\u00e1stico a servicio del pueblo.<\/p>\n<p style=\"text-align: justify\">Asegur\u00f3 que \u201cIr\u00e1n no se rendir\u00e1 ante la presi\u00f3n y la arrogancia\u201d, \u201cno permitir\u00e1 que contin\u00fae la presencia extranjera en la Regi\u00f3n\u201d.<\/p>\n<p style=\"text-align: justify\">Se\u00f1al\u00f3 que su prioridad es \u201cfortalecer las relaciones con los pa\u00edses vecinos&#8221;.<\/p>\n<p style=\"text-align: justify\">&#8220;Quienes proporcionan armas a la entidad asesina de ni\u00f1os no pueden dar lecciones de humanidad a los musulmanes&#8221;, subray\u00f3.<\/p>\n<p style=\"text-align: justify\">la<\/p>\n","protected":false},"excerpt":{"rendered":"<p>Teher\u00e1n, 30 (SANA) El mandatario iran\u00ed Masoud Pezeshkian prest\u00f3 hoy juramento como nuevo Presidente de la Rep\u00fablica Isl\u00e1mica de Ir\u00e1n en la sede del Parlamento iran\u00ed. La ceremonia que cont\u00f3 con la presencia de 104 delegaciones de 86 pa\u00edses de todo el mundo, tuvo lugar en el Consejo de Shura iran\u00ed (Parlamento). La delegaci\u00f3n siria &hellip;<\/p>\n","protected":false},"author":24,"featured_media":334953,"comment_status":"closed","ping_status":"closed","sticky":false,"template":"","format":"standard","meta":{"footnotes":""},"categories":[597,456,20724,7541],"tags":[],"class_list":["post-334952","post","type-post","status-publish","format-standard","has-post-thumbnail","","category-cinta-de-noticias","category-arabe-internacional-politica","category-minuto-a-minuto","category-ultimas-noticias"],"_links":{"self":[{"href":"https:\/\/archive.sana.sy\/es\/index.php?rest_route=\/wp\/v2\/posts\/334952"}],"collection":[{"href":"https:\/\/archive.sana.sy\/es\/index.php?rest_route=\/wp\/v2\/posts"}],"about":[{"href":"https:\/\/archive.sana.sy\/es\/index.php?rest_route=\/wp\/v2\/types\/post"}],"author":[{"embeddable":true,"href":"https:\/\/archive.sana.sy\/es\/index.php?rest_route=\/wp\/v2\/users\/24"}],"replies":[{"embeddable":true,"href":"https:\/\/archive.sana.sy\/es\/index.php?rest_route=%2Fwp%2Fv2%2Fcomments&post=334952"}],"version-history":[{"count":2,"href":"https:\/\/archive.sana.sy\/es\/index.php?rest_route=\/wp\/v2\/posts\/334952\/revisions"}],"predecessor-version":[{"id":334955,"href":"https:\/\/archive.sana.sy\/es\/index.php?rest_route=\/wp\/v2\/posts\/334952\/revisions\/334955"}],"wp:featuredmedia":[{"embeddable":true,"href":"https:\/\/archive.sana.sy\/es\/index.php?rest_route=\/wp\/v2\/media\/334953"}],"wp:attachment":[{"href":"https:\/\/archive.sana.sy\/es\/index.php?rest_route=%2Fwp%2Fv2%2Fmedia&parent=334952"}],"wp:term":[{"taxonomy":"category","embeddable":true,"href":"https:\/\/archive.sana.sy\/es\/index.php?rest_route=%2Fwp%2Fv2%2Fcategories&post=334952"},{"taxonomy":"post_tag","embeddable":true,"href":"https:\/\/archive.sana.sy\/es\/index.php?rest_route=%2Fwp%2Fv2%2Ftags&post=334952"}],"curies":[{"name":"wp","href":"https:\/\/api.w.org\/{rel}","templated":true}]}}