{"id":334956,"date":"2024-07-30T20:13:18","date_gmt":"2024-07-30T17:13:18","guid":{"rendered":"https:\/\/sana.sy\/es\/?p=334956"},"modified":"2024-07-30T20:14:12","modified_gmt":"2024-07-30T17:14:12","slug":"fuerzas-armadas-de-venezuela-reiteran-absoluta-lealtad-al-presidente-maduro","status":"publish","type":"post","link":"https:\/\/archive.sana.sy\/es\/?p=334956","title":{"rendered":"Fuerzas armadas de Venezuela reiteran absoluta lealtad al presidente Maduro"},"content":{"rendered":"<p style=\"text-align: justify\"><span style=\"color: #800000\"><strong>Caracas, 30 jul (SANA)<\/strong><\/span> La Fuerza Armada Nacional Bolivariana de Venezuela (FANB) denunci\u00f3 los actos terroristas y de sabotaje que promovi\u00f3 la ultraderecha en varias regiones del pa\u00eds desde el 29 de julio luego de la finalizaci\u00f3n de la jornada electoral presidencial.<\/p>\n<p style=\"text-align: justify\">Explic\u00f3 que estas acciones vand\u00e1licas alcanzaron varios organismos p\u00fablicos entre ellos, centros electorales, edificaciones privadas, adem\u00e1s de esculturas de s\u00edmbolos nacionales, como el comandante Hugo Ch\u00e1vez.<\/p>\n<p style=\"text-align: justify\">Asimismo causaron la muerte de un sargento y dejaron heridos a 23 efectivos militares y 25 polic\u00edas hasta la fecha.<\/p>\n<p style=\"text-align: justify\">Consider\u00f3 que estos actos comportan un intento de golpe de Estado medi\u00e1tico secundado por la potencia imperialista de EEUU.<\/p>\n<p style=\"text-align: justify\">Afirm\u00f3 su compromiso con la paz y a la vez su contundente acci\u00f3n para preservar el orden en todo el territorio nacional siempre en el marco de la Constituci\u00f3n, las leyes y el respeto a los derechos humanos.<\/p>\n<p style=\"text-align: justify\">Reiter\u00f3 la m\u00e1s absoluta lealtad a Nicol\u00e1s Maduro, presidente constitucional de Venezuela que fue reelecto leg\u00edtimamente por el poder popular.<\/p>\n<p>la<\/p>\n","protected":false},"excerpt":{"rendered":"<p>Caracas, 30 jul (SANA) La Fuerza Armada Nacional Bolivariana de Venezuela (FANB) denunci\u00f3 los actos terroristas y de sabotaje que promovi\u00f3 la ultraderecha en varias regiones del pa\u00eds desde el 29 de julio luego de la finalizaci\u00f3n de la jornada electoral presidencial. Explic\u00f3 que estas acciones vand\u00e1licas alcanzaron varios organismos p\u00fablicos entre ellos, centros electorales, &hellip;<\/p>\n","protected":false},"author":24,"featured_media":334957,"comment_status":"closed","ping_status":"closed","sticky":false,"template":"","format":"standard","meta":{"footnotes":""},"categories":[597,456,20724,7541],"tags":[],"class_list":["post-334956","post","type-post","status-publish","format-standard","has-post-thumbnail","","category-cinta-de-noticias","category-arabe-internacional-politica","category-minuto-a-minuto","category-ultimas-noticias"],"_links":{"self":[{"href":"https:\/\/archive.sana.sy\/es\/index.php?rest_route=\/wp\/v2\/posts\/334956"}],"collection":[{"href":"https:\/\/archive.sana.sy\/es\/index.php?rest_route=\/wp\/v2\/posts"}],"about":[{"href":"https:\/\/archive.sana.sy\/es\/index.php?rest_route=\/wp\/v2\/types\/post"}],"author":[{"embeddable":true,"href":"https:\/\/archive.sana.sy\/es\/index.php?rest_route=\/wp\/v2\/users\/24"}],"replies":[{"embeddable":true,"href":"https:\/\/archive.sana.sy\/es\/index.php?rest_route=%2Fwp%2Fv2%2Fcomments&post=334956"}],"version-history":[{"count":2,"href":"https:\/\/archive.sana.sy\/es\/index.php?rest_route=\/wp\/v2\/posts\/334956\/revisions"}],"predecessor-version":[{"id":334959,"href":"https:\/\/archive.sana.sy\/es\/index.php?rest_route=\/wp\/v2\/posts\/334956\/revisions\/334959"}],"wp:featuredmedia":[{"embeddable":true,"href":"https:\/\/archive.sana.sy\/es\/index.php?rest_route=\/wp\/v2\/media\/334957"}],"wp:attachment":[{"href":"https:\/\/archive.sana.sy\/es\/index.php?rest_route=%2Fwp%2Fv2%2Fmedia&parent=334956"}],"wp:term":[{"taxonomy":"category","embeddable":true,"href":"https:\/\/archive.sana.sy\/es\/index.php?rest_route=%2Fwp%2Fv2%2Fcategories&post=334956"},{"taxonomy":"post_tag","embeddable":true,"href":"https:\/\/archive.sana.sy\/es\/index.php?rest_route=%2Fwp%2Fv2%2Ftags&post=334956"}],"curies":[{"name":"wp","href":"https:\/\/api.w.org\/{rel}","templated":true}]}}