{"id":334976,"date":"2024-07-31T05:56:21","date_gmt":"2024-07-31T02:56:21","guid":{"rendered":"https:\/\/sana.sy\/es\/?p=334976"},"modified":"2024-07-31T06:04:19","modified_gmt":"2024-07-31T03:04:19","slug":"%f0%9f%87%b8%f0%9f%87%be%f0%9f%87%b1%f0%9f%87%a7-siria-condena-agresion-israeli-a-beirut","status":"publish","type":"post","link":"https:\/\/archive.sana.sy\/es\/?p=334976","title":{"rendered":"&#x1f1f8;&#x1f1fe;&#x1f1f1;&#x1f1e7; Siria condena agresi\u00f3n israel\u00ed a Beirut"},"content":{"rendered":"<p style=\"text-align: justify;\">Damasco, 31 jul (SANA)\u00a0 El gobierno sirio conden\u00f3 el ataque israel\u00ed contra un edificio residencial en el suburbio sur de la capital libanesa, Beirut, y expres\u00f3 su apoyo y solidaridad con el L\u00edbano ante esta brutal agresi\u00f3n.<\/p>\n<p style=\"text-align: justify;\">Una declaraci\u00f3n del Ministerio de Asuntos Exteriores y Expatriados, denunci\u00f3 que &#8220;Israel&#8221; persiste en crear pretextos para su pol\u00edtica de escalada y expansi\u00f3n de la agresi\u00f3n en la regi\u00f3n, y atac\u00f3 con tres misiles un edificio residencial en Beirut, lo que provoc\u00f3 v\u00edctimas civiles inocentes.<\/p>\n<p style=\"text-align: justify;\"><img loading=\"lazy\" decoding=\"async\" class=\"wp-image-334977 alignleft\" src=\"http:\/\/sana.sy\/es\/wp-content\/uploads\/2024\/07\/AGRESIONES-2-1.jpg\" alt=\"\" width=\"410\" height=\"273\" srcset=\"https:\/\/archive.sana.sy\/es\/wp-content\/uploads\/2024\/07\/AGRESIONES-2-1.jpg 1024w, https:\/\/archive.sana.sy\/es\/wp-content\/uploads\/2024\/07\/AGRESIONES-2-1-300x200.jpg 300w, https:\/\/archive.sana.sy\/es\/wp-content\/uploads\/2024\/07\/AGRESIONES-2-1-150x100.jpg 150w, https:\/\/archive.sana.sy\/es\/wp-content\/uploads\/2024\/07\/AGRESIONES-2-1-768x512.jpg 768w, https:\/\/archive.sana.sy\/es\/wp-content\/uploads\/2024\/07\/AGRESIONES-2-1-310x205.jpg 310w\" sizes=\"(max-width: 410px) 100vw, 410px\" \/>Siria condena este flagrante ataque a la soberan\u00eda del L\u00edbano y esta clara violaci\u00f3n del derecho internacional, que se produce dos d\u00edas despu\u00e9s de su atroz crimen en la localidad de Majdal Shams, en el Gol\u00e1n sirio ocupado, afirm\u00f3 el texto del comunicado.<\/p>\n<p style=\"text-align: justify;\">La Canciller\u00eda concluy\u00f3 su nota con reiterar la solidaridad con el L\u00edbano ante la brutal agresi\u00f3n israel\u00ed que enfrenta.<\/p>\n<p style=\"text-align: justify;\">El Ministerio de Salud de L\u00edbano notific\u00f3 la muerte de tres civiles, incluidos dos ni\u00f1os, debido al ataque israel\u00ed, mientras los heridos aumentaron a 74, de los cuales nueve se encuentran en estado cr\u00edtico.<\/p>\n<p style=\"text-align: justify;\">La agresi\u00f3n de esta jornada, la segunda al suburbio de Beirut desde el 7 de octubre pasado, ocurri\u00f3 despu\u00e9s de las amenazas hechas el s\u00e1bado \u00faltimo por funcionarios israel\u00edes de una ofensiva a gran escala contra L\u00edbano.<\/p>\n<p style=\"text-align: justify;\">fm<\/p>\n","protected":false},"excerpt":{"rendered":"<p>Damasco, 31 jul (SANA)\u00a0 El gobierno sirio conden\u00f3 el ataque israel\u00ed contra un edificio residencial en el suburbio sur de la capital libanesa, Beirut, y expres\u00f3 su apoyo y solidaridad con el L\u00edbano ante esta brutal agresi\u00f3n. Una declaraci\u00f3n del Ministerio de Asuntos Exteriores y Expatriados, denunci\u00f3 que &#8220;Israel&#8221; persiste en crear pretextos para su &hellip;<\/p>\n","protected":false},"author":34,"featured_media":334982,"comment_status":"closed","ping_status":"closed","sticky":false,"template":"","format":"standard","meta":{"footnotes":""},"categories":[447,597,20724,476,467,583],"tags":[],"class_list":["post-334976","post","type-post","status-publish","format-standard","has-post-thumbnail","","category-local-politica","category-cinta-de-noticias","category-minuto-a-minuto","category-locales","category-siria-y-el-mundo","category-slide"],"_links":{"self":[{"href":"https:\/\/archive.sana.sy\/es\/index.php?rest_route=\/wp\/v2\/posts\/334976"}],"collection":[{"href":"https:\/\/archive.sana.sy\/es\/index.php?rest_route=\/wp\/v2\/posts"}],"about":[{"href":"https:\/\/archive.sana.sy\/es\/index.php?rest_route=\/wp\/v2\/types\/post"}],"author":[{"embeddable":true,"href":"https:\/\/archive.sana.sy\/es\/index.php?rest_route=\/wp\/v2\/users\/34"}],"replies":[{"embeddable":true,"href":"https:\/\/archive.sana.sy\/es\/index.php?rest_route=%2Fwp%2Fv2%2Fcomments&post=334976"}],"version-history":[{"count":1,"href":"https:\/\/archive.sana.sy\/es\/index.php?rest_route=\/wp\/v2\/posts\/334976\/revisions"}],"predecessor-version":[{"id":334978,"href":"https:\/\/archive.sana.sy\/es\/index.php?rest_route=\/wp\/v2\/posts\/334976\/revisions\/334978"}],"wp:featuredmedia":[{"embeddable":true,"href":"https:\/\/archive.sana.sy\/es\/index.php?rest_route=\/wp\/v2\/media\/334982"}],"wp:attachment":[{"href":"https:\/\/archive.sana.sy\/es\/index.php?rest_route=%2Fwp%2Fv2%2Fmedia&parent=334976"}],"wp:term":[{"taxonomy":"category","embeddable":true,"href":"https:\/\/archive.sana.sy\/es\/index.php?rest_route=%2Fwp%2Fv2%2Fcategories&post=334976"},{"taxonomy":"post_tag","embeddable":true,"href":"https:\/\/archive.sana.sy\/es\/index.php?rest_route=%2Fwp%2Fv2%2Ftags&post=334976"}],"curies":[{"name":"wp","href":"https:\/\/api.w.org\/{rel}","templated":true}]}}