{"id":335023,"date":"2024-07-31T14:20:46","date_gmt":"2024-07-31T11:20:46","guid":{"rendered":"https:\/\/sana.sy\/es\/?p=335023"},"modified":"2024-07-31T14:55:00","modified_gmt":"2024-07-31T11:55:00","slug":"45-muertos-palestinos-por-bombardeos-israelies-durante-las-ultimas-24-horas-en-gaza","status":"publish","type":"post","link":"https:\/\/archive.sana.sy\/es\/?p=335023","title":{"rendered":"45 muertos palestinos por bombardeos israel\u00edes durante las \u00faltimas 24 horas en Gaza"},"content":{"rendered":"<p style=\"text-align: justify;\"><span style=\"color: #800000;\"><strong>Jerusal\u00e9n ocupada, 31 jul (SANA)<\/strong><\/span>\u00a0 \u00a0El Ministerio de Salud palestino anunci\u00f3 hoy que el ej\u00e9rcito de ocupaci\u00f3n israel\u00ed cometi\u00f3 varias masacres en la Franja de Gaza durante las \u00faltimas 24 horas, dejando 45 muertos y 77 heridos.<\/p>\n<p style=\"text-align: justify;\">En una declaraci\u00f3n, el Ministerio revel\u00f3 que el n\u00famero de v\u00edctimas durante 299 d\u00edas aument\u00f3 a 39 mil 445 muertos y 91 mil 73 heridos.<\/p>\n<p style=\"text-align: justify;\">Miles de v\u00edctimas todav\u00eda se encuentran bajo los escombros y en las carreteras, y las ambulancias y los equipos de defensa civil no pueden alcanzarlos.<\/p>\n<p style=\"text-align: justify;\">Durante el d\u00eda de hoy, decenas de palestinos perdieron la vida y resultaron heridos por los bombardeos de la ocupaci\u00f3n contra varias zonas de la ciudad de Gaza y el sur de la Franja.<\/p>\n<p style=\"text-align: justify;\"><strong><span style=\"color: #800000;\">fm\/ws<\/span><\/strong><\/p>\n","protected":false},"excerpt":{"rendered":"<p>Jerusal\u00e9n ocupada, 31 jul (SANA)\u00a0 \u00a0El Ministerio de Salud palestino anunci\u00f3 hoy que el ej\u00e9rcito de ocupaci\u00f3n israel\u00ed cometi\u00f3 varias masacres en la Franja de Gaza durante las \u00faltimas 24 horas, dejando 45 muertos y 77 heridos. En una declaraci\u00f3n, el Ministerio revel\u00f3 que el n\u00famero de v\u00edctimas durante 299 d\u00edas aument\u00f3 a 39 mil &hellip;<\/p>\n","protected":false},"author":35,"featured_media":335039,"comment_status":"closed","ping_status":"closed","sticky":false,"template":"","format":"standard","meta":{"footnotes":""},"categories":[597,456,16687,20724,583],"tags":[],"class_list":["post-335023","post","type-post","status-publish","format-standard","has-post-thumbnail","","category-cinta-de-noticias","category-arabe-internacional-politica","category-internacionales","category-minuto-a-minuto","category-slide"],"_links":{"self":[{"href":"https:\/\/archive.sana.sy\/es\/index.php?rest_route=\/wp\/v2\/posts\/335023"}],"collection":[{"href":"https:\/\/archive.sana.sy\/es\/index.php?rest_route=\/wp\/v2\/posts"}],"about":[{"href":"https:\/\/archive.sana.sy\/es\/index.php?rest_route=\/wp\/v2\/types\/post"}],"author":[{"embeddable":true,"href":"https:\/\/archive.sana.sy\/es\/index.php?rest_route=\/wp\/v2\/users\/35"}],"replies":[{"embeddable":true,"href":"https:\/\/archive.sana.sy\/es\/index.php?rest_route=%2Fwp%2Fv2%2Fcomments&post=335023"}],"version-history":[{"count":2,"href":"https:\/\/archive.sana.sy\/es\/index.php?rest_route=\/wp\/v2\/posts\/335023\/revisions"}],"predecessor-version":[{"id":335026,"href":"https:\/\/archive.sana.sy\/es\/index.php?rest_route=\/wp\/v2\/posts\/335023\/revisions\/335026"}],"wp:featuredmedia":[{"embeddable":true,"href":"https:\/\/archive.sana.sy\/es\/index.php?rest_route=\/wp\/v2\/media\/335039"}],"wp:attachment":[{"href":"https:\/\/archive.sana.sy\/es\/index.php?rest_route=%2Fwp%2Fv2%2Fmedia&parent=335023"}],"wp:term":[{"taxonomy":"category","embeddable":true,"href":"https:\/\/archive.sana.sy\/es\/index.php?rest_route=%2Fwp%2Fv2%2Fcategories&post=335023"},{"taxonomy":"post_tag","embeddable":true,"href":"https:\/\/archive.sana.sy\/es\/index.php?rest_route=%2Fwp%2Fv2%2Ftags&post=335023"}],"curies":[{"name":"wp","href":"https:\/\/api.w.org\/{rel}","templated":true}]}}