{"id":33503,"date":"2015-11-14T08:05:46","date_gmt":"2015-11-14T06:05:46","guid":{"rendered":"http:\/\/sana.sy\/es\/?p=33503"},"modified":"2015-11-14T14:08:16","modified_gmt":"2015-11-14T12:08:16","slug":"ceremonia-de-graduacion-del-primer-grupo-de-facciones-de-autodefensa-en-damasco-campo","status":"publish","type":"post","link":"https:\/\/archive.sana.sy\/es\/?p=33503","title":{"rendered":"Ceremonia de graduaci\u00f3n del primer grupo de facciones de autodefensa en Damasco-campo"},"content":{"rendered":"<p><span style=\"color: #800000\">Damasco, SANA<\/span><\/p>\n<p>Partiendo de la responsabilidad de cada individuo en la defensa de su patria, se efectu\u00f3 el viernes la ceremonia de graduaci\u00f3n del primer grupo de las facciones de autodefensa, que incluy\u00f3 a cientos de j\u00f3venes y hombres de los poblados y ciudades de la provincia de Damasco-campo.<\/p>\n<p>El Secretario Regional Adjunto del Partido Baath \u00c1rabe Socialista, Hilal al-Hilal, dijo que los graduados mostraron sus habilidades de combate y asumir\u00e1n responsabilidades de apoyo al Ej\u00e9rcito en la protecci\u00f3n de sus pueblos del terrorismo takfirista.<\/p>\n<p>Uno de los comandantes del grupo graduado explic\u00f3 que la idea de las facciones de autodefensa ha cobrado gran inter\u00e9s para todos los ciudadanos que acudieron con entusiasmo y fuerza para unirse a esas facciones y apoyar al Ej\u00e9rcito \u00c1rabe Sirio.<\/p>\n<p>&nbsp;<\/p>\n<p>&nbsp;<\/p>\n<p>Fady M., Lynn A.<\/p>\n","protected":false},"excerpt":{"rendered":"<p>Damasco, SANA Partiendo de la responsabilidad de cada individuo en la defensa de su patria, se efectu\u00f3 el viernes la ceremonia de graduaci\u00f3n del primer grupo de las facciones de autodefensa, que incluy\u00f3 a cientos de j\u00f3venes y hombres de los poblados y ciudades de la provincia de Damasco-campo. El Secretario Regional Adjunto del Partido &hellip;<\/p>\n","protected":false},"author":24,"featured_media":33504,"comment_status":"closed","ping_status":"closed","sticky":false,"template":"","format":"standard","meta":{"footnotes":""},"categories":[477,476],"tags":[],"class_list":["post-33503","post","type-post","status-publish","format-standard","has-post-thumbnail","","category-noticias-edulcorantes","category-locales"],"_links":{"self":[{"href":"https:\/\/archive.sana.sy\/es\/index.php?rest_route=\/wp\/v2\/posts\/33503"}],"collection":[{"href":"https:\/\/archive.sana.sy\/es\/index.php?rest_route=\/wp\/v2\/posts"}],"about":[{"href":"https:\/\/archive.sana.sy\/es\/index.php?rest_route=\/wp\/v2\/types\/post"}],"author":[{"embeddable":true,"href":"https:\/\/archive.sana.sy\/es\/index.php?rest_route=\/wp\/v2\/users\/24"}],"replies":[{"embeddable":true,"href":"https:\/\/archive.sana.sy\/es\/index.php?rest_route=%2Fwp%2Fv2%2Fcomments&post=33503"}],"version-history":[{"count":0,"href":"https:\/\/archive.sana.sy\/es\/index.php?rest_route=\/wp\/v2\/posts\/33503\/revisions"}],"wp:featuredmedia":[{"embeddable":true,"href":"https:\/\/archive.sana.sy\/es\/index.php?rest_route=\/wp\/v2\/media\/33504"}],"wp:attachment":[{"href":"https:\/\/archive.sana.sy\/es\/index.php?rest_route=%2Fwp%2Fv2%2Fmedia&parent=33503"}],"wp:term":[{"taxonomy":"category","embeddable":true,"href":"https:\/\/archive.sana.sy\/es\/index.php?rest_route=%2Fwp%2Fv2%2Fcategories&post=33503"},{"taxonomy":"post_tag","embeddable":true,"href":"https:\/\/archive.sana.sy\/es\/index.php?rest_route=%2Fwp%2Fv2%2Ftags&post=33503"}],"curies":[{"name":"wp","href":"https:\/\/api.w.org\/{rel}","templated":true}]}}