{"id":335059,"date":"2024-07-31T18:32:04","date_gmt":"2024-07-31T15:32:04","guid":{"rendered":"https:\/\/sana.sy\/es\/?p=335059"},"modified":"2024-07-31T18:32:04","modified_gmt":"2024-07-31T15:32:04","slug":"venezuela-exige-a-eeuu-que-saque-sus-manos-de-su-territorio","status":"publish","type":"post","link":"https:\/\/archive.sana.sy\/es\/?p=335059","title":{"rendered":"Venezuela exige a EEUU que saque sus manos de su territorio"},"content":{"rendered":"<blockquote><p><span style=\"color: #993300\">&#8220;\u00a1Ya basta de bloqueos criminales e injerencismo! \u00a1Venezuela siempre vencer\u00e1!&#8221;, expres\u00f3 la Vicepresidenta de Venezuela.<\/span><\/p><\/blockquote>\n<p style=\"text-align: justify\"><span style=\"color: #800000\"><strong>Caracas, 31 jul (SANA)<\/strong><\/span> La vicepresidenta venezolana, Delcy Rodr\u00edguez, calific\u00f3 de desfachatez la petici\u00f3n del Gobierno estadounidense de la difusi\u00f3n de los resultados de las elecciones presidenciales en las que el mandatario Nicol\u00e1s Maduro result\u00f3 reelecto.<\/p>\n<p style=\"text-align: justify\">La vicepresidenta respondi\u00f3 a los cuestionamientos de su par estadounidense, Kamala Harris, quien escribi\u00f3 en su cuenta de X que secundaba la solicitud del presidente Joe Biden de &#8220;la publicaci\u00f3n inmediata de datos detallados sobre los resultados de la elecci\u00f3n venezolana&#8221;.<\/p>\n<p style=\"text-align: justify\">Rodr\u00edguez ripost\u00f3 que el hecho de que Biden pretenda girar instrucciones a los poderes p\u00fablicos de Venezuela es violatorio del derecho internacional y una desfachatez.<\/p>\n<p style=\"text-align: justify\">En otra publicaci\u00f3n, la vicepresidenta venezolana ratific\u00f3 que su pa\u00eds siempre defender\u00e1 su soberan\u00eda y le exigir\u00e1 a EE.UU. &#8220;que saque sus manos de este territorio sagrado&#8221;.<\/p>\n<p style=\"text-align: justify\">&#8220;\u00a1Ya basta de bloqueos criminales e injerencismo! \u00a1Venezuela siempre vencer\u00e1!&#8221;, expres\u00f3.<\/p>\n<p style=\"text-align: justify\">fm\/la<\/p>\n","protected":false},"excerpt":{"rendered":"<p>&#8220;\u00a1Ya basta de bloqueos criminales e injerencismo! \u00a1Venezuela siempre vencer\u00e1!&#8221;, expres\u00f3 la Vicepresidenta de Venezuela. Caracas, 31 jul (SANA) La vicepresidenta venezolana, Delcy Rodr\u00edguez, calific\u00f3 de desfachatez la petici\u00f3n del Gobierno estadounidense de la difusi\u00f3n de los resultados de las elecciones presidenciales en las que el mandatario Nicol\u00e1s Maduro result\u00f3 reelecto. La vicepresidenta respondi\u00f3 a &hellip;<\/p>\n","protected":false},"author":24,"featured_media":335060,"comment_status":"closed","ping_status":"closed","sticky":false,"template":"","format":"standard","meta":{"footnotes":""},"categories":[597,456,20724,7541],"tags":[],"class_list":["post-335059","post","type-post","status-publish","format-standard","has-post-thumbnail","","category-cinta-de-noticias","category-arabe-internacional-politica","category-minuto-a-minuto","category-ultimas-noticias"],"_links":{"self":[{"href":"https:\/\/archive.sana.sy\/es\/index.php?rest_route=\/wp\/v2\/posts\/335059"}],"collection":[{"href":"https:\/\/archive.sana.sy\/es\/index.php?rest_route=\/wp\/v2\/posts"}],"about":[{"href":"https:\/\/archive.sana.sy\/es\/index.php?rest_route=\/wp\/v2\/types\/post"}],"author":[{"embeddable":true,"href":"https:\/\/archive.sana.sy\/es\/index.php?rest_route=\/wp\/v2\/users\/24"}],"replies":[{"embeddable":true,"href":"https:\/\/archive.sana.sy\/es\/index.php?rest_route=%2Fwp%2Fv2%2Fcomments&post=335059"}],"version-history":[{"count":1,"href":"https:\/\/archive.sana.sy\/es\/index.php?rest_route=\/wp\/v2\/posts\/335059\/revisions"}],"predecessor-version":[{"id":335061,"href":"https:\/\/archive.sana.sy\/es\/index.php?rest_route=\/wp\/v2\/posts\/335059\/revisions\/335061"}],"wp:featuredmedia":[{"embeddable":true,"href":"https:\/\/archive.sana.sy\/es\/index.php?rest_route=\/wp\/v2\/media\/335060"}],"wp:attachment":[{"href":"https:\/\/archive.sana.sy\/es\/index.php?rest_route=%2Fwp%2Fv2%2Fmedia&parent=335059"}],"wp:term":[{"taxonomy":"category","embeddable":true,"href":"https:\/\/archive.sana.sy\/es\/index.php?rest_route=%2Fwp%2Fv2%2Fcategories&post=335059"},{"taxonomy":"post_tag","embeddable":true,"href":"https:\/\/archive.sana.sy\/es\/index.php?rest_route=%2Fwp%2Fv2%2Ftags&post=335059"}],"curies":[{"name":"wp","href":"https:\/\/api.w.org\/{rel}","templated":true}]}}