{"id":335062,"date":"2024-07-31T19:21:56","date_gmt":"2024-07-31T16:21:56","guid":{"rendered":"https:\/\/sana.sy\/es\/?p=335062"},"modified":"2024-07-31T19:21:56","modified_gmt":"2024-07-31T16:21:56","slug":"siria-desea-beneficiarse-de-la-experiencia-de-argelia-en-materia-de-los-mini-proyectos","status":"publish","type":"post","link":"https:\/\/archive.sana.sy\/es\/?p=335062","title":{"rendered":"Siria desea beneficiarse de la experiencia de Argelia en materia de los mini-proyectos\u00a0"},"content":{"rendered":"<p style=\"text-align: justify\"><span style=\"color: #800000\"><strong>Damasco, 31 jul (SANA)<\/strong><\/span> El Ministro de Asuntos Sociales y Trabajo, Louay al-Munayid, discuti\u00f3 con el embajador de Argelia en Damasco, Kamal Abu Shama, las \u00e1reas de cooperaci\u00f3n conjunta en materia de las labores oficiales y las formas de desarrollarlas.<\/p>\n<p style=\"text-align: justify\">Durante el encuentro, al-Munayid destac\u00f3 la importancia de la cooperaci\u00f3n entre los dos pa\u00edses hermanos, y expres\u00f3 el deseo del Ministerio de trasmitir la distinguida experiencia\u00a0 y los conocimientos t\u00e9cnicos de Argelia en materia de mini y micro proyectos e incubadoras de empresas a Siria.<\/p>\n<p style=\"text-align: justify\">El embajador argelino ratific\u00f3 la voluntad de su pa\u00eds de reforzar la cooperaci\u00f3n bilateral con la parte siria en los diferente \u00e1mbitos relacionados con el \u00e1mbito socio laboral.<\/p>\n<p style=\"text-align: justify\">la<\/p>\n","protected":false},"excerpt":{"rendered":"<p>Damasco, 31 jul (SANA) El Ministro de Asuntos Sociales y Trabajo, Louay al-Munayid, discuti\u00f3 con el embajador de Argelia en Damasco, Kamal Abu Shama, las \u00e1reas de cooperaci\u00f3n conjunta en materia de las labores oficiales y las formas de desarrollarlas. Durante el encuentro, al-Munayid destac\u00f3 la importancia de la cooperaci\u00f3n entre los dos pa\u00edses hermanos, &hellip;<\/p>\n","protected":false},"author":24,"featured_media":335063,"comment_status":"closed","ping_status":"closed","sticky":false,"template":"","format":"standard","meta":{"footnotes":""},"categories":[447,597,20724,448,467,7541],"tags":[],"class_list":["post-335062","post","type-post","status-publish","format-standard","has-post-thumbnail","","category-local-politica","category-cinta-de-noticias","category-minuto-a-minuto","category-noticias","category-siria-y-el-mundo","category-ultimas-noticias"],"_links":{"self":[{"href":"https:\/\/archive.sana.sy\/es\/index.php?rest_route=\/wp\/v2\/posts\/335062"}],"collection":[{"href":"https:\/\/archive.sana.sy\/es\/index.php?rest_route=\/wp\/v2\/posts"}],"about":[{"href":"https:\/\/archive.sana.sy\/es\/index.php?rest_route=\/wp\/v2\/types\/post"}],"author":[{"embeddable":true,"href":"https:\/\/archive.sana.sy\/es\/index.php?rest_route=\/wp\/v2\/users\/24"}],"replies":[{"embeddable":true,"href":"https:\/\/archive.sana.sy\/es\/index.php?rest_route=%2Fwp%2Fv2%2Fcomments&post=335062"}],"version-history":[{"count":1,"href":"https:\/\/archive.sana.sy\/es\/index.php?rest_route=\/wp\/v2\/posts\/335062\/revisions"}],"predecessor-version":[{"id":335064,"href":"https:\/\/archive.sana.sy\/es\/index.php?rest_route=\/wp\/v2\/posts\/335062\/revisions\/335064"}],"wp:featuredmedia":[{"embeddable":true,"href":"https:\/\/archive.sana.sy\/es\/index.php?rest_route=\/wp\/v2\/media\/335063"}],"wp:attachment":[{"href":"https:\/\/archive.sana.sy\/es\/index.php?rest_route=%2Fwp%2Fv2%2Fmedia&parent=335062"}],"wp:term":[{"taxonomy":"category","embeddable":true,"href":"https:\/\/archive.sana.sy\/es\/index.php?rest_route=%2Fwp%2Fv2%2Fcategories&post=335062"},{"taxonomy":"post_tag","embeddable":true,"href":"https:\/\/archive.sana.sy\/es\/index.php?rest_route=%2Fwp%2Fv2%2Ftags&post=335062"}],"curies":[{"name":"wp","href":"https:\/\/api.w.org\/{rel}","templated":true}]}}