{"id":335065,"date":"2024-07-31T19:41:12","date_gmt":"2024-07-31T16:41:12","guid":{"rendered":"https:\/\/sana.sy\/es\/?p=335065"},"modified":"2024-07-31T19:41:12","modified_gmt":"2024-07-31T16:41:12","slug":"cuba-el-asesinato-de-haniya-agravara-aun-mas-la-situacion-en-oriente-medio","status":"publish","type":"post","link":"https:\/\/archive.sana.sy\/es\/?p=335065","title":{"rendered":"Cuba: El asesinato de Haniya agravar\u00e1 a\u00fan m\u00e1s la situaci\u00f3n en Oriente Medio"},"content":{"rendered":"<p style=\"text-align: justify\"><span style=\"color: #800000\"><strong>La Habana, 31 jul (SANA)<\/strong> <\/span>Cuba condena en\u00e9rgicamente el asesinato del jefe del bur\u00f3 pol\u00edtico de Ham\u00e1s, Ismail Haniya en Teher\u00e1n, se\u00f1al\u00f3 el canciller cubano, Bruno Rodr\u00edguez por su cuenta X.<\/p>\n<p style=\"text-align: justify\">Asimismo asever\u00f3 que esta acci\u00f3n que se produjo en \u201cfranca violaci\u00f3n de soberan\u00eda de la Rep\u00fablica Isl\u00e1mica de Ir\u00e1n\u201d, no har\u00e1 m\u00e1s que empeorar la situaci\u00f3n de guerra en Oriente Medio.<\/p>\n<p style=\"text-align: justify\">Rodr\u00edguez traslad\u00f3 las condolencias de Cuba al pueblo palestino por la muerte del alto pol\u00edtico de Ham\u00e1s.<\/p>\n<p>&nbsp;<\/p>\n<p>la<\/p>\n","protected":false},"excerpt":{"rendered":"<p>La Habana, 31 jul (SANA) Cuba condena en\u00e9rgicamente el asesinato del jefe del bur\u00f3 pol\u00edtico de Ham\u00e1s, Ismail Haniya en Teher\u00e1n, se\u00f1al\u00f3 el canciller cubano, Bruno Rodr\u00edguez por su cuenta X. Asimismo asever\u00f3 que esta acci\u00f3n que se produjo en \u201cfranca violaci\u00f3n de soberan\u00eda de la Rep\u00fablica Isl\u00e1mica de Ir\u00e1n\u201d, no har\u00e1 m\u00e1s que empeorar &hellip;<\/p>\n","protected":false},"author":24,"featured_media":333438,"comment_status":"closed","ping_status":"closed","sticky":false,"template":"","format":"standard","meta":{"footnotes":""},"categories":[597,456,20724,7541],"tags":[],"class_list":["post-335065","post","type-post","status-publish","format-standard","has-post-thumbnail","","category-cinta-de-noticias","category-arabe-internacional-politica","category-minuto-a-minuto","category-ultimas-noticias"],"_links":{"self":[{"href":"https:\/\/archive.sana.sy\/es\/index.php?rest_route=\/wp\/v2\/posts\/335065"}],"collection":[{"href":"https:\/\/archive.sana.sy\/es\/index.php?rest_route=\/wp\/v2\/posts"}],"about":[{"href":"https:\/\/archive.sana.sy\/es\/index.php?rest_route=\/wp\/v2\/types\/post"}],"author":[{"embeddable":true,"href":"https:\/\/archive.sana.sy\/es\/index.php?rest_route=\/wp\/v2\/users\/24"}],"replies":[{"embeddable":true,"href":"https:\/\/archive.sana.sy\/es\/index.php?rest_route=%2Fwp%2Fv2%2Fcomments&post=335065"}],"version-history":[{"count":1,"href":"https:\/\/archive.sana.sy\/es\/index.php?rest_route=\/wp\/v2\/posts\/335065\/revisions"}],"predecessor-version":[{"id":335066,"href":"https:\/\/archive.sana.sy\/es\/index.php?rest_route=\/wp\/v2\/posts\/335065\/revisions\/335066"}],"wp:featuredmedia":[{"embeddable":true,"href":"https:\/\/archive.sana.sy\/es\/index.php?rest_route=\/wp\/v2\/media\/333438"}],"wp:attachment":[{"href":"https:\/\/archive.sana.sy\/es\/index.php?rest_route=%2Fwp%2Fv2%2Fmedia&parent=335065"}],"wp:term":[{"taxonomy":"category","embeddable":true,"href":"https:\/\/archive.sana.sy\/es\/index.php?rest_route=%2Fwp%2Fv2%2Fcategories&post=335065"},{"taxonomy":"post_tag","embeddable":true,"href":"https:\/\/archive.sana.sy\/es\/index.php?rest_route=%2Fwp%2Fv2%2Ftags&post=335065"}],"curies":[{"name":"wp","href":"https:\/\/api.w.org\/{rel}","templated":true}]}}