{"id":335067,"date":"2024-07-31T20:41:15","date_gmt":"2024-07-31T17:41:15","guid":{"rendered":"https:\/\/sana.sy\/es\/?p=335067"},"modified":"2024-07-31T20:49:05","modified_gmt":"2024-07-31T17:49:05","slug":"qlibaf-y-la-delegacion-siria-a-iran-condenan-los-ataques-y-genocidios-israelies-en-la-region","status":"publish","type":"post","link":"https:\/\/archive.sana.sy\/es\/?p=335067","title":{"rendered":"Qlibaf y delegaci\u00f3n siria condenan los ataques genocidas israel\u00edes en la regi\u00f3n"},"content":{"rendered":"<p style=\"text-align: justify\"><span style=\"color: #800000\"><strong>Teher\u00e1n, 31 jul (SANA)<\/strong> <\/span>El presidente del Consejo Isl\u00e1mico de la Shura iran\u00ed, Muhammad Baqer Qalibaf, se reuni\u00f3 hoy en Teher\u00e1n con la delegaci\u00f3n siria que asisti\u00f3 la ceremonia de juramento del presidente, Masoud Pezeshkian.<\/p>\n<p style=\"text-align: justify\">El primer ministro sirio, Hossein Arnous, quien encabeza la misiva siria, conden\u00f3 la violaci\u00f3n israel\u00ed contra la soberan\u00eda iran\u00ed, que provoc\u00f3 el asesinato de Ismail Haniya, jefe del bur\u00f3 pol\u00edtico del Movimiento de Resistencia Isl\u00e1mica \u201cHam\u00e1s\u201d, en flagrante violaci\u00f3n del derecho internacional.<\/p>\n<p style=\"text-align: justify\">Ambas partes denunciaron los cr\u00edmenes cometidos por \u201cIsrael\u201d tanto en el Gol\u00e1n sirio ocupado como en el sur del L\u00edbano, as\u00ed como los genocidios, asesinatos y desplazamiento forzado practicados contra el pueblo palestino en la Franja de Gaza y Cisjordania.<\/p>\n<p style=\"text-align: justify\">Reiteraron las profundas relaciones binacionales\u00a0 y su incesante empe\u00f1o para reforzarlas en todos los \u00e1mbitos para hacer cara a los desaf\u00edos comunes a los que se enfrentan ambos pueblos amigos.<\/p>\n<p style=\"text-align: justify\">El jefe del gabinete sirio felicit\u00f3 tambi\u00e9n a Qalibaf\u00a0y al pueblo iran\u00ed por el \u00e9xito de las elecciones presidenciales que han corroborado el enfoque democr\u00e1tico en Ir\u00e1n.<\/p>\n<p>la\/fm<\/p>\n","protected":false},"excerpt":{"rendered":"<p>Teher\u00e1n, 31 jul (SANA) El presidente del Consejo Isl\u00e1mico de la Shura iran\u00ed, Muhammad Baqer Qalibaf, se reuni\u00f3 hoy en Teher\u00e1n con la delegaci\u00f3n siria que asisti\u00f3 la ceremonia de juramento del presidente, Masoud Pezeshkian. El primer ministro sirio, Hossein Arnous, quien encabeza la misiva siria, conden\u00f3 la violaci\u00f3n israel\u00ed contra la soberan\u00eda iran\u00ed, que &hellip;<\/p>\n","protected":false},"author":24,"featured_media":335071,"comment_status":"closed","ping_status":"closed","sticky":false,"template":"","format":"standard","meta":{"footnotes":""},"categories":[597,20724,467,583],"tags":[],"class_list":["post-335067","post","type-post","status-publish","format-standard","has-post-thumbnail","","category-cinta-de-noticias","category-minuto-a-minuto","category-siria-y-el-mundo","category-slide"],"_links":{"self":[{"href":"https:\/\/archive.sana.sy\/es\/index.php?rest_route=\/wp\/v2\/posts\/335067"}],"collection":[{"href":"https:\/\/archive.sana.sy\/es\/index.php?rest_route=\/wp\/v2\/posts"}],"about":[{"href":"https:\/\/archive.sana.sy\/es\/index.php?rest_route=\/wp\/v2\/types\/post"}],"author":[{"embeddable":true,"href":"https:\/\/archive.sana.sy\/es\/index.php?rest_route=\/wp\/v2\/users\/24"}],"replies":[{"embeddable":true,"href":"https:\/\/archive.sana.sy\/es\/index.php?rest_route=%2Fwp%2Fv2%2Fcomments&post=335067"}],"version-history":[{"count":4,"href":"https:\/\/archive.sana.sy\/es\/index.php?rest_route=\/wp\/v2\/posts\/335067\/revisions"}],"predecessor-version":[{"id":335074,"href":"https:\/\/archive.sana.sy\/es\/index.php?rest_route=\/wp\/v2\/posts\/335067\/revisions\/335074"}],"wp:featuredmedia":[{"embeddable":true,"href":"https:\/\/archive.sana.sy\/es\/index.php?rest_route=\/wp\/v2\/media\/335071"}],"wp:attachment":[{"href":"https:\/\/archive.sana.sy\/es\/index.php?rest_route=%2Fwp%2Fv2%2Fmedia&parent=335067"}],"wp:term":[{"taxonomy":"category","embeddable":true,"href":"https:\/\/archive.sana.sy\/es\/index.php?rest_route=%2Fwp%2Fv2%2Fcategories&post=335067"},{"taxonomy":"post_tag","embeddable":true,"href":"https:\/\/archive.sana.sy\/es\/index.php?rest_route=%2Fwp%2Fv2%2Ftags&post=335067"}],"curies":[{"name":"wp","href":"https:\/\/api.w.org\/{rel}","templated":true}]}}