{"id":33511,"date":"2015-11-14T06:12:05","date_gmt":"2015-11-14T04:12:05","guid":{"rendered":"http:\/\/sana.sy\/es\/?p=33511"},"modified":"2015-11-14T14:15:46","modified_gmt":"2015-11-14T12:15:46","slug":"120-muertos-en-paris-en-ataque-terrorista-multiple","status":"publish","type":"post","link":"https:\/\/archive.sana.sy\/es\/?p=33511","title":{"rendered":"120 muertos en Paris en ataque terrorista m\u00faltiple"},"content":{"rendered":"<p><span style=\"color: #800000\">Par\u00eds, SANA<\/span><\/p>\n<p>Siete ataques coordinadores sacudieron a la capital francesa la noche de este viernes, entre ellos varias explosiones cerca del Estadio de Francia, tiroteos en dos restaurantes, cerca del Louvre y en un centro comercial y una toma de rehenes en una sala de conciertos.<\/p>\n<p>En total, de acuerdo con los informes policiales, los ataques han dejado al menos 120 v\u00edctimas mortales.<br \/>\nLos primeros reportes de un tiroteo han llegado a las 21:23 GMT cuando dos hombres no identificados armados con rifles kal\u00e1shnikov dispararon en el restaurante Le Carillon, en el norte de Par\u00eds. De acuerdo con los informes, el atentado ha dejado al menos 18 muertos y siete heridos.<\/p>\n<p>Pocos minutos despu\u00e9s ha sido reportado otro ataque con tres explosiones cerca del Estadio de Francia, donde se disputaba un partido de f\u00fatbol amistoso entre la selecci\u00f3n local y la alemana, dos de las cuales, seg\u00fan los informes, han sido provocadas por terroristas suicidas. El presidente Fran\u00e7ois Hollande, que estaba presente en el evento deportivo, ha sido evacuado del estadio por precauci\u00f3n.<\/p>\n<p>Casi simult\u00e1neamente ha llegado la noticia de que un grupo de desconocidos retiene a centenares de personas, que hab\u00edan acudido al concierto del grupo musical Eagles of Death Metal, como rehenes en el teatro Bataclan, en el XI Distrito de Par\u00eds. De acuerdo con los testimonios de los rehenes que han logrado escapar del teatro, entre seis y ocho terroristas estuvieron matando a sangre fr\u00eda a las personas retenidas.<\/p>\n<p>Varias horas despu\u00e9s del inicio del ataque la Polic\u00eda ha tomado por asalto la sala de conciertos en una acci\u00f3n que ha dejado cinco terroristas muertos, dos de los cuales se suicidaron durante el operativo. Se informa de que se han o\u00eddo al menos cinco fuertes explosiones en la zona del operativo policial.<\/p>\n<p>El n\u00famero de v\u00edctimas como resultado del atentado, seg\u00fan las fuentes policiales, se ha elevado hasta 100 personas.<br \/>\nSimult\u00e1neamente frente al edificio del teatro se ha registrado un tiroteo que ha dejado seis cuerpos yacientes en la calle de Charonne. La situaci\u00f3n impide el acceso a la zona de los m\u00e9dicos que podr\u00edan determinar si estas personas est\u00e1n heridas o muertas.<\/p>\n<p>Mientras tanto dos nuevo tiroteos se han producido en el centro comercial Les Halles, en las proximidades del ayuntamiento de Par\u00eds, y cerca del museo Louvre.<\/p>\n<p>El presidente de Francia ha declarado el estado de emergencia y ha dicho que cierra todas las fronteras del pa\u00eds tras los ataques. &#8220;Los terroristas quieren que tengamos miedo, pero vamos a derrotarles&#8221;, ha asegurado el mandatario galo.<\/p>\n<p><span style=\"color: #0000ff\">Amplia condena internacional a los atentados terroristas de Par\u00eds<\/span><\/p>\n<p>Varios l\u00edderes mundiales expresaron sus condolencias y solidaridad al pueblo y el Gobierno de Francia tras los siete atentados sangrientos que ha sacudido Par\u00eds este viernes.<\/p>\n<p>Putin se solidariza con el pueblo de Francia<\/p>\n<p>El presidente de Rusia, Vlad\u00edmir Putin, ha expresado sus condolencias por &#8220;la serie de atroces atentados terroristas en Par\u00eds&#8221; a trav\u00e9s de su portavoz oficial, Dmitri Peskov.<\/p>\n<p>El l\u00edder ruso ha enviado estas palabras de solidaridad tanto a su par franc\u00e9s, Fran\u00e7ois Hollande, como a todo el pueblo de Francia.<\/p>\n<p>&#8220;En Rusia condenamos rotundamente estos asesinatos inhumanos y estamos dispuestos a prestar cualquier ayuda a Francia para investigar estos atentados terroristas&#8221;, afirm\u00f3 Peskov.<\/p>\n<p>Por su parte, el presidente de Estados Unidos, Barack Obama, tambi\u00e9n se ha solidarizado con el pueblo de Francia y ha se\u00f1alado que los atentados &#8220;no son s\u00f3lo un ataque contra el pueblo de Par\u00eds y Francia, sino contra toda la humanidad y los valores universales que compartimos&#8221;.<\/p>\n<p>El l\u00edder norteamericano tambi\u00e9n ha subrayado que los estadounidenses entienden c\u00f3mo se siente el pueblo franc\u00e9s porque ya vivieron tragedias similares y ha prometido que Washington est\u00e1 dispuesto a ofrecer a su \u201caliado\u201d la asistencia necesaria para luchar contra el terrorismo y el extremismo.<\/p>\n<p>La presidenta de Argentina, Cristina Fern\u00e1ndez de Kirchner, ha manifestado la solidaridad de su pa\u00eds con el pueblo y el Gobierno de Francia y ha se\u00f1alado que \u201curge abordar la cuesti\u00f3n del terrorismo desde una nueva y m\u00e1s amplia perspectiva global porque, de lo contrario, no habr\u00e1 lugar en donde podamos sentirnos seguros\u201d, seg\u00fan ha publicado la agencia Telam.<\/p>\n<p>La canciller de Alemania, Angela Merkel, se encuentra &#8220;profundamente conmocionada&#8221; por las noticias que llegan desde Par\u00eds y ha confirmado que su Gobierno est\u00e1 en contacto con las autoridades de Francia, seg\u00fan ha declarado un portavoz oficial alem\u00e1n.<br \/>\nPor su parte, el primer ministro brit\u00e1nico, David Cameron, afirm\u00f3 que est\u00e1 &#8220;en estado de shock&#8221; tras los atentados en la capital de Francia. &#8220;Nuestros pensamientos y oraciones est\u00e1n con el pueblo franc\u00e9s. Haremos todo lo que podamos para ayudar&#8221;, escribi\u00f3 Cameron en su cuenta de Twitter.<\/p>\n<p>El presidente de Bolivia, Evo Morales, ha expresado su &#8220;repudio total&#8221; ante la violencia desatada en Francia. &#8220;Bolivia, como Estado pacifista a partir de su nueva Constituci\u00f3n, condena las acciones de fuerza, las operaciones armadas y los actos de terrorismo&#8221;, ha declarado el dirigente boliviano.<\/p>\n<p>A su vez, el presidente de Venezuela, Nicol\u00e1s Maduro, envi\u00f3 sus &#8220;condolencias al pueblo franc\u00e9s y a su presidente, Fran\u00e7ois Hollande&#8221;. &#8220;El pueblo de Venezuela se une a este dolor y presta mucha atenci\u00f3n a lo que est\u00e1 sucediendo&#8221;, afirm\u00f3 Maduro, quien se\u00f1al\u00f3 que su pa\u00eds &#8220;condena los ataques terroristas en todo el mundo&#8221;.<\/p>\n<p>Tambi\u00e9n los l\u00edderes de Italia, Turqu\u00eda, Ucrania, Egipto, Brasil y M\u00e9xico \u2014entre otros pa\u00edses\u2014 han enviado palabras de condolencia y mostrado su solidaridad con el pueblo de Francia.<\/p>\n<p>&nbsp;<\/p>\n<p>Fady M., Lynn A.<\/p>\n","protected":false},"excerpt":{"rendered":"<p>Par\u00eds, SANA Siete ataques coordinadores sacudieron a la capital francesa la noche de este viernes, entre ellos varias explosiones cerca del Estadio de Francia, tiroteos en dos restaurantes, cerca del Louvre y en un centro comercial y una toma de rehenes en una sala de conciertos. En total, de acuerdo con los informes policiales, los &hellip;<\/p>\n","protected":false},"author":24,"featured_media":33512,"comment_status":"closed","ping_status":"closed","sticky":false,"template":"","format":"standard","meta":{"footnotes":""},"categories":[456,457,576],"tags":[],"class_list":["post-33511","post","type-post","status-publish","format-standard","has-post-thumbnail","","category-arabe-internacional-politica","category-noticias-arabe-internacional-politica","category-noticias-politicas"],"_links":{"self":[{"href":"https:\/\/archive.sana.sy\/es\/index.php?rest_route=\/wp\/v2\/posts\/33511"}],"collection":[{"href":"https:\/\/archive.sana.sy\/es\/index.php?rest_route=\/wp\/v2\/posts"}],"about":[{"href":"https:\/\/archive.sana.sy\/es\/index.php?rest_route=\/wp\/v2\/types\/post"}],"author":[{"embeddable":true,"href":"https:\/\/archive.sana.sy\/es\/index.php?rest_route=\/wp\/v2\/users\/24"}],"replies":[{"embeddable":true,"href":"https:\/\/archive.sana.sy\/es\/index.php?rest_route=%2Fwp%2Fv2%2Fcomments&post=33511"}],"version-history":[{"count":0,"href":"https:\/\/archive.sana.sy\/es\/index.php?rest_route=\/wp\/v2\/posts\/33511\/revisions"}],"wp:featuredmedia":[{"embeddable":true,"href":"https:\/\/archive.sana.sy\/es\/index.php?rest_route=\/wp\/v2\/media\/33512"}],"wp:attachment":[{"href":"https:\/\/archive.sana.sy\/es\/index.php?rest_route=%2Fwp%2Fv2%2Fmedia&parent=33511"}],"wp:term":[{"taxonomy":"category","embeddable":true,"href":"https:\/\/archive.sana.sy\/es\/index.php?rest_route=%2Fwp%2Fv2%2Fcategories&post=33511"},{"taxonomy":"post_tag","embeddable":true,"href":"https:\/\/archive.sana.sy\/es\/index.php?rest_route=%2Fwp%2Fv2%2Ftags&post=33511"}],"curies":[{"name":"wp","href":"https:\/\/api.w.org\/{rel}","templated":true}]}}