{"id":335130,"date":"2024-08-01T19:46:14","date_gmt":"2024-08-01T16:46:14","guid":{"rendered":"https:\/\/sana.sy\/es\/?p=335130"},"modified":"2024-08-01T19:47:54","modified_gmt":"2024-08-01T16:47:54","slug":"cuatro-desplazados-sirios-mueren-en-bombardeo-israeli-contra-el-sur-del-libano","status":"publish","type":"post","link":"https:\/\/archive.sana.sy\/es\/?p=335130","title":{"rendered":"Cuatro desplazados sirios mueren en bombardeo israel\u00ed contra el sur del L\u00edbano"},"content":{"rendered":"<p style=\"text-align: justify;\"><span style=\"color: #800000;\"><strong>Beirut, 1 ago (SANA)<\/strong><\/span> El Ministerio de Salud liban\u00e9s anunci\u00f3 hoy en un comunicado que cuatro desplazados sirios fueron asesinados como resultado del bombardeo de aviones enemigos israel\u00edes sobre una casa en la ciudad de Shama, al sur del L\u00edbano.<\/p>\n<p style=\"text-align: justify;\">La referente entidad detall\u00f3 que 5 libaneses que se encontraban en una casa vecina resultaron heridos.<\/p>\n<p style=\"text-align: justify;\">Agreg\u00f3 que hay una gran cantidad de pedazos de cuerpos y se est\u00e1n realizando pruebas de ADN para determinar el n\u00famero final de muertos.<\/p>\n<p>ahs\/sm<\/p>\n","protected":false},"excerpt":{"rendered":"<p>Beirut, 1 ago (SANA) El Ministerio de Salud liban\u00e9s anunci\u00f3 hoy en un comunicado que cuatro desplazados sirios fueron asesinados como resultado del bombardeo de aviones enemigos israel\u00edes sobre una casa en la ciudad de Shama, al sur del L\u00edbano. La referente entidad detall\u00f3 que 5 libaneses que se encontraban en una casa vecina resultaron &hellip;<\/p>\n","protected":false},"author":39,"featured_media":335131,"comment_status":"closed","ping_status":"closed","sticky":false,"template":"","format":"standard","meta":{"footnotes":""},"categories":[597,456,16687,20724,467,7541],"tags":[],"class_list":["post-335130","post","type-post","status-publish","format-standard","has-post-thumbnail","","category-cinta-de-noticias","category-arabe-internacional-politica","category-internacionales","category-minuto-a-minuto","category-siria-y-el-mundo","category-ultimas-noticias"],"_links":{"self":[{"href":"https:\/\/archive.sana.sy\/es\/index.php?rest_route=\/wp\/v2\/posts\/335130"}],"collection":[{"href":"https:\/\/archive.sana.sy\/es\/index.php?rest_route=\/wp\/v2\/posts"}],"about":[{"href":"https:\/\/archive.sana.sy\/es\/index.php?rest_route=\/wp\/v2\/types\/post"}],"author":[{"embeddable":true,"href":"https:\/\/archive.sana.sy\/es\/index.php?rest_route=\/wp\/v2\/users\/39"}],"replies":[{"embeddable":true,"href":"https:\/\/archive.sana.sy\/es\/index.php?rest_route=%2Fwp%2Fv2%2Fcomments&post=335130"}],"version-history":[{"count":3,"href":"https:\/\/archive.sana.sy\/es\/index.php?rest_route=\/wp\/v2\/posts\/335130\/revisions"}],"predecessor-version":[{"id":335134,"href":"https:\/\/archive.sana.sy\/es\/index.php?rest_route=\/wp\/v2\/posts\/335130\/revisions\/335134"}],"wp:featuredmedia":[{"embeddable":true,"href":"https:\/\/archive.sana.sy\/es\/index.php?rest_route=\/wp\/v2\/media\/335131"}],"wp:attachment":[{"href":"https:\/\/archive.sana.sy\/es\/index.php?rest_route=%2Fwp%2Fv2%2Fmedia&parent=335130"}],"wp:term":[{"taxonomy":"category","embeddable":true,"href":"https:\/\/archive.sana.sy\/es\/index.php?rest_route=%2Fwp%2Fv2%2Fcategories&post=335130"},{"taxonomy":"post_tag","embeddable":true,"href":"https:\/\/archive.sana.sy\/es\/index.php?rest_route=%2Fwp%2Fv2%2Ftags&post=335130"}],"curies":[{"name":"wp","href":"https:\/\/api.w.org\/{rel}","templated":true}]}}