{"id":335135,"date":"2024-08-01T20:31:56","date_gmt":"2024-08-01T17:31:56","guid":{"rendered":"https:\/\/sana.sy\/es\/?p=335135"},"modified":"2024-08-01T20:35:17","modified_gmt":"2024-08-01T17:35:17","slug":"primer-foro-juvenil-de-expatriados-sirios-en-brasil-llama-a-fortalecer-lazos-entre-jovenes-sirios-y-su-patria-natal","status":"publish","type":"post","link":"https:\/\/archive.sana.sy\/es\/?p=335135","title":{"rendered":"Primer Foro Juvenil de Expatriados Sirios en Brasil llama a fortalecer lazos entre j\u00f3venes sirios y su patria natal"},"content":{"rendered":"<p style=\"text-align: justify;\"><span style=\"color: #800000;\"><strong>Brasilia, 01 ago (SANA)\u00a0<\/strong><\/span> El Primer Foro Juvenil de Expatriados Sirios en Brasil, que se celebr\u00f3 en la embajada de Siria en la capital, Brasilia, analiz\u00f3 formas de fortalecer los v\u00ednculos entre los j\u00f3venes sirios residentes en el pa\u00eds sudamericano y su tierra natal, Siria.<\/p>\n<p style=\"text-align: justify;\">En el encuentro se abordaron los \u00faltimos acontecimientos en Siria, especialmente en los campos pol\u00edtico, econ\u00f3mico y tur\u00edstico, as\u00ed como las relaciones entre Siria y Brasil.<\/p>\n<p style=\"text-align: justify;\">Los participantes se\u00f1alaron los desaf\u00edos y obst\u00e1culos relacionados con el fortalecimiento del v\u00ednculo con su patria, Siria, y enfatizaron la importancia de trabajar para continuar estos lazos y transferirlos a la pr\u00f3ximas generaciones.<\/p>\n<p style=\"text-align: justify;\">Por su parte, la embajadora de Siria en Brasil, Rania Al-Haj Ali, destac\u00f3 el inter\u00e9s del liderazgo sirio en fortalecer los v\u00ednculos de la comunidad siria en todo el mundo con su patria.<\/p>\n<p style=\"text-align: justify;\">Asimismo, se refiri\u00f3 a la fortaleza y el legado de Siria y los sirios desde hace miles de a\u00f1os hasta nuestros d\u00edas, y la importancia de la comunidad siria y su estatus en el pensamiento e ideolog\u00eda brasile\u00f1os.<\/p>\n<p style=\"text-align: justify;\">La diplom\u00e1tica siria subray\u00f3 tambi\u00e9n la necesidad y la importancia de fomentar el papel de la comunidad siria en Brasil de manera que contribuya al beneficio de la misma comunidad, as\u00ed como al de su pa\u00eds.<\/p>\n<p style=\"text-align: justify;\">sm<\/p>\n","protected":false},"excerpt":{"rendered":"<p>Brasilia, 01 ago (SANA)\u00a0 El Primer Foro Juvenil de Expatriados Sirios en Brasil, que se celebr\u00f3 en la embajada de Siria en la capital, Brasilia, analiz\u00f3 formas de fortalecer los v\u00ednculos entre los j\u00f3venes sirios residentes en el pa\u00eds sudamericano y su tierra natal, Siria. En el encuentro se abordaron los \u00faltimos acontecimientos en Siria, &hellip;<\/p>\n","protected":false},"author":39,"featured_media":335136,"comment_status":"closed","ping_status":"closed","sticky":false,"template":"","format":"standard","meta":{"footnotes":""},"categories":[597,456,16687,20724,467,7541],"tags":[],"class_list":["post-335135","post","type-post","status-publish","format-standard","has-post-thumbnail","","category-cinta-de-noticias","category-arabe-internacional-politica","category-internacionales","category-minuto-a-minuto","category-siria-y-el-mundo","category-ultimas-noticias"],"_links":{"self":[{"href":"https:\/\/archive.sana.sy\/es\/index.php?rest_route=\/wp\/v2\/posts\/335135"}],"collection":[{"href":"https:\/\/archive.sana.sy\/es\/index.php?rest_route=\/wp\/v2\/posts"}],"about":[{"href":"https:\/\/archive.sana.sy\/es\/index.php?rest_route=\/wp\/v2\/types\/post"}],"author":[{"embeddable":true,"href":"https:\/\/archive.sana.sy\/es\/index.php?rest_route=\/wp\/v2\/users\/39"}],"replies":[{"embeddable":true,"href":"https:\/\/archive.sana.sy\/es\/index.php?rest_route=%2Fwp%2Fv2%2Fcomments&post=335135"}],"version-history":[{"count":3,"href":"https:\/\/archive.sana.sy\/es\/index.php?rest_route=\/wp\/v2\/posts\/335135\/revisions"}],"predecessor-version":[{"id":335139,"href":"https:\/\/archive.sana.sy\/es\/index.php?rest_route=\/wp\/v2\/posts\/335135\/revisions\/335139"}],"wp:featuredmedia":[{"embeddable":true,"href":"https:\/\/archive.sana.sy\/es\/index.php?rest_route=\/wp\/v2\/media\/335136"}],"wp:attachment":[{"href":"https:\/\/archive.sana.sy\/es\/index.php?rest_route=%2Fwp%2Fv2%2Fmedia&parent=335135"}],"wp:term":[{"taxonomy":"category","embeddable":true,"href":"https:\/\/archive.sana.sy\/es\/index.php?rest_route=%2Fwp%2Fv2%2Fcategories&post=335135"},{"taxonomy":"post_tag","embeddable":true,"href":"https:\/\/archive.sana.sy\/es\/index.php?rest_route=%2Fwp%2Fv2%2Ftags&post=335135"}],"curies":[{"name":"wp","href":"https:\/\/api.w.org\/{rel}","templated":true}]}}