{"id":335140,"date":"2024-08-02T10:30:02","date_gmt":"2024-08-02T07:30:02","guid":{"rendered":"https:\/\/sana.sy\/es\/?p=335140"},"modified":"2024-08-02T10:30:02","modified_gmt":"2024-08-02T07:30:02","slug":"tres-palestinos-heridos-durante-incursiones-israelies-en-cisjordania","status":"publish","type":"post","link":"https:\/\/archive.sana.sy\/es\/?p=335140","title":{"rendered":"Tres palestinos heridos durante incursiones israel\u00edes en Cisjordania"},"content":{"rendered":"<p style=\"text-align: justify;\"><span style=\"color: #800000;\"><strong>Jerusal\u00e9n ocupada, 2 ago (SANA)<\/strong><\/span> Tres palestinos resultaron heridos este viernes por disparos de las fuerzas de ocupaci\u00f3n israel\u00edes en la ciudad de Al-Bireh, en Cisjordania.<\/p>\n<p style=\"text-align: justify;\">La agencia palestina Wafa inform\u00f3 que las fuerzas de ocupaci\u00f3n irrumpieron en los barrios de Sateh Marhaba y Um Al-Sharayet,y \u00a0atacaron a los palestinos con disparos y bombas de gas lacrim\u00f3geno, lo que caus\u00f3 heridas a tres de ellos.<\/p>\n<p style=\"text-align: justify;\">Dos palestinos resultaron heridos este jueves por disparos de las fuerzas israel\u00edes en las ciudades de Hebr\u00f3n y Qalqilya, en Cisjordania.<\/p>\n<p style=\"text-align: justify;\"><em><strong>ah<\/strong><\/em><\/p>\n","protected":false},"excerpt":{"rendered":"<p>Jerusal\u00e9n ocupada, 2 ago (SANA) Tres palestinos resultaron heridos este viernes por disparos de las fuerzas de ocupaci\u00f3n israel\u00edes en la ciudad de Al-Bireh, en Cisjordania. La agencia palestina Wafa inform\u00f3 que las fuerzas de ocupaci\u00f3n irrumpieron en los barrios de Sateh Marhaba y Um Al-Sharayet,y \u00a0atacaron a los palestinos con disparos y bombas de &hellip;<\/p>\n","protected":false},"author":30,"featured_media":335141,"comment_status":"closed","ping_status":"closed","sticky":false,"template":"","format":"standard","meta":{"footnotes":""},"categories":[597,456,20724,7541],"tags":[],"class_list":["post-335140","post","type-post","status-publish","format-standard","has-post-thumbnail","","category-cinta-de-noticias","category-arabe-internacional-politica","category-minuto-a-minuto","category-ultimas-noticias"],"_links":{"self":[{"href":"https:\/\/archive.sana.sy\/es\/index.php?rest_route=\/wp\/v2\/posts\/335140"}],"collection":[{"href":"https:\/\/archive.sana.sy\/es\/index.php?rest_route=\/wp\/v2\/posts"}],"about":[{"href":"https:\/\/archive.sana.sy\/es\/index.php?rest_route=\/wp\/v2\/types\/post"}],"author":[{"embeddable":true,"href":"https:\/\/archive.sana.sy\/es\/index.php?rest_route=\/wp\/v2\/users\/30"}],"replies":[{"embeddable":true,"href":"https:\/\/archive.sana.sy\/es\/index.php?rest_route=%2Fwp%2Fv2%2Fcomments&post=335140"}],"version-history":[{"count":1,"href":"https:\/\/archive.sana.sy\/es\/index.php?rest_route=\/wp\/v2\/posts\/335140\/revisions"}],"predecessor-version":[{"id":335142,"href":"https:\/\/archive.sana.sy\/es\/index.php?rest_route=\/wp\/v2\/posts\/335140\/revisions\/335142"}],"wp:featuredmedia":[{"embeddable":true,"href":"https:\/\/archive.sana.sy\/es\/index.php?rest_route=\/wp\/v2\/media\/335141"}],"wp:attachment":[{"href":"https:\/\/archive.sana.sy\/es\/index.php?rest_route=%2Fwp%2Fv2%2Fmedia&parent=335140"}],"wp:term":[{"taxonomy":"category","embeddable":true,"href":"https:\/\/archive.sana.sy\/es\/index.php?rest_route=%2Fwp%2Fv2%2Fcategories&post=335140"},{"taxonomy":"post_tag","embeddable":true,"href":"https:\/\/archive.sana.sy\/es\/index.php?rest_route=%2Fwp%2Fv2%2Ftags&post=335140"}],"curies":[{"name":"wp","href":"https:\/\/api.w.org\/{rel}","templated":true}]}}