{"id":335279,"date":"2024-08-04T13:45:53","date_gmt":"2024-08-04T10:45:53","guid":{"rendered":"https:\/\/sana.sy\/es\/?p=335279"},"modified":"2024-08-04T13:46:32","modified_gmt":"2024-08-04T10:46:32","slug":"siria-solidaria-con-corea-del-norte-por-victimas-de-las-inundaciones","status":"publish","type":"post","link":"https:\/\/archive.sana.sy\/es\/?p=335279","title":{"rendered":"Siria solidaria con Corea del Norte por v\u00edctimas de las inundaciones"},"content":{"rendered":"<p style=\"text-align: justify;\"><span style=\"color: #800000;\"><strong>Damasco, 4 ago (SANA)\u00a0<\/strong> <\/span>\u00a0El gobierno sirio ofreci\u00f3 su m\u00e1s sentido p\u00e9same a la Rep\u00fablica Popular Democr\u00e1tica de Corea (RPDC) por las v\u00edctimas de las inundaciones que azotaron las zonas cercanas al r\u00edo Amnok, y ratific\u00f3 el apoyo al liderazgo, gobierno y pueblo de esta naci\u00f3n asi\u00e1tica.<\/p>\n<p style=\"text-align: justify;\"><img loading=\"lazy\" decoding=\"async\" class=\"size-medium wp-image-335280 alignright\" src=\"http:\/\/sana.sy\/es\/wp-content\/uploads\/2024\/08\/photo_2024-08-04_13-37-42-2-300x181.jpg\" alt=\"\" width=\"300\" height=\"181\" srcset=\"https:\/\/archive.sana.sy\/es\/wp-content\/uploads\/2024\/08\/photo_2024-08-04_13-37-42-2-300x181.jpg 300w, https:\/\/archive.sana.sy\/es\/wp-content\/uploads\/2024\/08\/photo_2024-08-04_13-37-42-2-1024x618.jpg 1024w, https:\/\/archive.sana.sy\/es\/wp-content\/uploads\/2024\/08\/photo_2024-08-04_13-37-42-2-150x91.jpg 150w, https:\/\/archive.sana.sy\/es\/wp-content\/uploads\/2024\/08\/photo_2024-08-04_13-37-42-2-768x464.jpg 768w, https:\/\/archive.sana.sy\/es\/wp-content\/uploads\/2024\/08\/photo_2024-08-04_13-37-42-2.jpg 1103w\" sizes=\"(max-width: 300px) 100vw, 300px\" \/>La Rep\u00fablica \u00c1rabe Siria expresa sus sentimientos de tristeza y solidaridad, y extiende su m\u00e1s sentido p\u00e9same a la amiga Rep\u00fablica Popular Democr\u00e1tica de Corea por las v\u00edctimas de las inundaciones que azotaron las zonas cercanas al r\u00edo Amnok como consecuencia de las fuertes lluvias ca\u00eddas en el norte del pa\u00eds, afirm\u00f3 la Canciller\u00eda siria por medio de un comunicado.<\/p>\n<p style=\"text-align: justify;\">El texto ratific\u00f3 la solidaridad con el gobierno y pueblo norcoreano y dese\u00f3 una pronta recuperaci\u00f3n a los heridos.<br \/>\nEl Ministerio asegur\u00f3 que conf\u00eda en que el pueblo norcoreano superar\u00e1 esta terrible experiencia unido a su liderazgo, y continuar\u00e1n su camino hacia la construcci\u00f3n y el bienestar.<\/p>\n<p style=\"text-align: justify;\">El l\u00edder de la Rep\u00fablica Popular Democr\u00e1tica de Corea (RPDC), Kim Jong-un, dirigi\u00f3 personalmente la campa\u00f1a de rescate y evacuaci\u00f3n en la provincia de Piongan del Norte, afectada por inundaciones debido a lluvias torrenciales.<\/p>\n<p style=\"text-align: justify;\">Orden\u00f3 a la Fuerza A\u00e9rea y a la Marina de la RPDC que ayudaran en la zona del desastre movilizando helic\u00f3pteros y lanchas de salvamento de diferentes tipos, as\u00ed como la flotilla de patrulla naval de una guarnici\u00f3n fronteriza.<\/p>\n<p><strong><span style=\"color: #800000;\">fm\/ws<\/span><\/strong><\/p>\n","protected":false},"excerpt":{"rendered":"<p>Damasco, 4 ago (SANA)\u00a0 \u00a0El gobierno sirio ofreci\u00f3 su m\u00e1s sentido p\u00e9same a la Rep\u00fablica Popular Democr\u00e1tica de Corea (RPDC) por las v\u00edctimas de las inundaciones que azotaron las zonas cercanas al r\u00edo Amnok, y ratific\u00f3 el apoyo al liderazgo, gobierno y pueblo de esta naci\u00f3n asi\u00e1tica. La Rep\u00fablica \u00c1rabe Siria expresa sus sentimientos de &hellip;<\/p>\n","protected":false},"author":35,"featured_media":335281,"comment_status":"closed","ping_status":"closed","sticky":false,"template":"","format":"standard","meta":{"footnotes":""},"categories":[597,456,16687,20724,583],"tags":[],"class_list":["post-335279","post","type-post","status-publish","format-standard","has-post-thumbnail","","category-cinta-de-noticias","category-arabe-internacional-politica","category-internacionales","category-minuto-a-minuto","category-slide"],"_links":{"self":[{"href":"https:\/\/archive.sana.sy\/es\/index.php?rest_route=\/wp\/v2\/posts\/335279"}],"collection":[{"href":"https:\/\/archive.sana.sy\/es\/index.php?rest_route=\/wp\/v2\/posts"}],"about":[{"href":"https:\/\/archive.sana.sy\/es\/index.php?rest_route=\/wp\/v2\/types\/post"}],"author":[{"embeddable":true,"href":"https:\/\/archive.sana.sy\/es\/index.php?rest_route=\/wp\/v2\/users\/35"}],"replies":[{"embeddable":true,"href":"https:\/\/archive.sana.sy\/es\/index.php?rest_route=%2Fwp%2Fv2%2Fcomments&post=335279"}],"version-history":[{"count":2,"href":"https:\/\/archive.sana.sy\/es\/index.php?rest_route=\/wp\/v2\/posts\/335279\/revisions"}],"predecessor-version":[{"id":335283,"href":"https:\/\/archive.sana.sy\/es\/index.php?rest_route=\/wp\/v2\/posts\/335279\/revisions\/335283"}],"wp:featuredmedia":[{"embeddable":true,"href":"https:\/\/archive.sana.sy\/es\/index.php?rest_route=\/wp\/v2\/media\/335281"}],"wp:attachment":[{"href":"https:\/\/archive.sana.sy\/es\/index.php?rest_route=%2Fwp%2Fv2%2Fmedia&parent=335279"}],"wp:term":[{"taxonomy":"category","embeddable":true,"href":"https:\/\/archive.sana.sy\/es\/index.php?rest_route=%2Fwp%2Fv2%2Fcategories&post=335279"},{"taxonomy":"post_tag","embeddable":true,"href":"https:\/\/archive.sana.sy\/es\/index.php?rest_route=%2Fwp%2Fv2%2Ftags&post=335279"}],"curies":[{"name":"wp","href":"https:\/\/api.w.org\/{rel}","templated":true}]}}