{"id":335284,"date":"2024-08-04T13:59:48","date_gmt":"2024-08-04T10:59:48","guid":{"rendered":"https:\/\/sana.sy\/es\/?p=335284"},"modified":"2024-08-04T13:59:48","modified_gmt":"2024-08-04T10:59:48","slug":"mas-de-131-mil-palestinos-entre-muertos-y-heridos-durante-303-dias-de-continuas-agresiones-israelies-en-gaza","status":"publish","type":"post","link":"https:\/\/archive.sana.sy\/es\/?p=335284","title":{"rendered":"M\u00e1s de 131 mil palestinos entre muertos y heridos durante 303 d\u00edas de continuas agresiones israel\u00edes en Gaza"},"content":{"rendered":"<p style=\"text-align: justify;\"><span style=\"color: #800000;\"><strong>Jerusal\u00e9n ocupada, 4 ago (SANA)<\/strong><\/span> \u00a0\u00a0El saldo total de v\u00edctimas durante 303 d\u00edas de agresi\u00f3n israel\u00ed contra la Franja de Gaza ascendi\u00f3 a 39 mil 583 muertos y 91 mil 398\u00a0 heridos, inform\u00f3 hoy el Ministerio de Salud palestino.<\/p>\n<p style=\"text-align: justify;\">De acuerdo con un comunicado del ente de salud, durante las \u00faltimas 24 horas, el ocupante israel\u00ed perpetr\u00f3 dos masacres en la Franja de Gaza, dejando 33 muertos y 118 heridos.<\/p>\n<p style=\"text-align: justify;\">Durante el d\u00eda de hoy, varios palestinos fallecieron y otros fueron lesionados debido a los continuos ataques israel\u00edes contra varias zonas de la Franja de Gaza.<\/p>\n<p style=\"text-align: justify;\">Los medios palestinos informaron que 5 civiles murieron y otros 16 resultaron heridos tras bombardeo contra tiendas de campa\u00f1a de los desplazados en las cercan\u00edas del Hospital de los M\u00e1rtires de Al-Aqsa en Deir Al-Balah, en el centro de la Franja de Gaza.<\/p>\n<p style=\"text-align: justify;\">Asimismo, tres palestinos perecieron y otros resultaron heridos por ataque israel\u00ed contra una casa en el campamento de Deir Al-Balah.<\/p>\n<p style=\"text-align: justify;\">En la zona de Al-Fakhoura, al noroeste del campo de Jabalia, en el norte de Gaza, ocho palestinos murieron y otros, incluidos ni\u00f1os, resultaron heridos en incursiones de los aviones de combate israel\u00edes contra una casa.<\/p>\n<p style=\"text-align: justify;\">fm<\/p>\n<p style=\"text-align: justify;\">\n<p style=\"text-align: justify;\">\n","protected":false},"excerpt":{"rendered":"<p>Jerusal\u00e9n ocupada, 4 ago (SANA) \u00a0\u00a0El saldo total de v\u00edctimas durante 303 d\u00edas de agresi\u00f3n israel\u00ed contra la Franja de Gaza ascendi\u00f3 a 39 mil 583 muertos y 91 mil 398\u00a0 heridos, inform\u00f3 hoy el Ministerio de Salud palestino. De acuerdo con un comunicado del ente de salud, durante las \u00faltimas 24 horas, el ocupante &hellip;<\/p>\n","protected":false},"author":34,"featured_media":335285,"comment_status":"closed","ping_status":"closed","sticky":false,"template":"","format":"standard","meta":{"footnotes":""},"categories":[597,456,20724,583],"tags":[],"class_list":["post-335284","post","type-post","status-publish","format-standard","has-post-thumbnail","","category-cinta-de-noticias","category-arabe-internacional-politica","category-minuto-a-minuto","category-slide"],"_links":{"self":[{"href":"https:\/\/archive.sana.sy\/es\/index.php?rest_route=\/wp\/v2\/posts\/335284"}],"collection":[{"href":"https:\/\/archive.sana.sy\/es\/index.php?rest_route=\/wp\/v2\/posts"}],"about":[{"href":"https:\/\/archive.sana.sy\/es\/index.php?rest_route=\/wp\/v2\/types\/post"}],"author":[{"embeddable":true,"href":"https:\/\/archive.sana.sy\/es\/index.php?rest_route=\/wp\/v2\/users\/34"}],"replies":[{"embeddable":true,"href":"https:\/\/archive.sana.sy\/es\/index.php?rest_route=%2Fwp%2Fv2%2Fcomments&post=335284"}],"version-history":[{"count":1,"href":"https:\/\/archive.sana.sy\/es\/index.php?rest_route=\/wp\/v2\/posts\/335284\/revisions"}],"predecessor-version":[{"id":335286,"href":"https:\/\/archive.sana.sy\/es\/index.php?rest_route=\/wp\/v2\/posts\/335284\/revisions\/335286"}],"wp:featuredmedia":[{"embeddable":true,"href":"https:\/\/archive.sana.sy\/es\/index.php?rest_route=\/wp\/v2\/media\/335285"}],"wp:attachment":[{"href":"https:\/\/archive.sana.sy\/es\/index.php?rest_route=%2Fwp%2Fv2%2Fmedia&parent=335284"}],"wp:term":[{"taxonomy":"category","embeddable":true,"href":"https:\/\/archive.sana.sy\/es\/index.php?rest_route=%2Fwp%2Fv2%2Fcategories&post=335284"},{"taxonomy":"post_tag","embeddable":true,"href":"https:\/\/archive.sana.sy\/es\/index.php?rest_route=%2Fwp%2Fv2%2Ftags&post=335284"}],"curies":[{"name":"wp","href":"https:\/\/api.w.org\/{rel}","templated":true}]}}