{"id":335305,"date":"2024-08-04T14:45:18","date_gmt":"2024-08-04T11:45:18","guid":{"rendered":"https:\/\/sana.sy\/es\/?p=335305"},"modified":"2024-08-04T18:40:18","modified_gmt":"2024-08-04T15:40:18","slug":"kadyrov-rusia-ganara-este-ano-la-guerra-con-ucrania","status":"publish","type":"post","link":"https:\/\/archive.sana.sy\/es\/?p=335305","title":{"rendered":"Kad\u00fdrov: Rusia ganar\u00e1 este a\u00f1o la guerra con Ucrania"},"content":{"rendered":"<blockquote>\n<p style=\"text-align: justify;\"><span style=\"color: #993300;\">&#8220;Un avi\u00f3n vendr\u00e1 y disparar\u00e1 un misil, ser\u00e1 derribado inmediatamente, y los chicos que acaban prisioneros dicen que es una verg\u00fcenza luchar all\u00ed&#8221;<\/span><\/p>\n<\/blockquote>\n<p style=\"text-align: justify;\"><span style=\"color: #800000;\"><strong>Grozni, 4 ago (SANA)\u00a0<\/strong><\/span> El jefe de la rep\u00fablica rusa de Chechenia, Ramz\u00e1n Kad\u00fdrov, dijo hoy que Rusia ganar\u00e1 el conflicto con Ucrania este mismo a\u00f1o.<\/p>\n<p style=\"text-align: justify;\">Este a\u00f1o vamos a ganar al 100 %&#8221;, afirm\u00f3 Kad\u00fdrov citado por RT, y se\u00f1al\u00f3 que los militares rusos estaban haciendo progresos y que los comandantes informan diariamente de la toma de &#8220;instalaciones de importancia estrat\u00e9gica&#8221;.<\/p>\n<p style=\"text-align: justify;\">Seg\u00fan explic\u00f3, la principal fuerza en el campo de batalla es la infanter\u00eda, y las tropas ucranianas tienen problemas con ella, as\u00ed como con la aviaci\u00f3n.<\/p>\n<p style=\"text-align: justify;\">&#8220;Un avi\u00f3n vendr\u00e1 y disparar\u00e1 un misil, ser\u00e1 derribado inmediatamente&#8221;, asever\u00f3. &#8220;Los chicos que acaban prisioneros dicen que es una verg\u00fcenza luchar all\u00ed&#8221;, concluy\u00f3.<\/p>\n<p style=\"text-align: justify;\">fm\/rr<\/p>\n","protected":false},"excerpt":{"rendered":"<p>&#8220;Un avi\u00f3n vendr\u00e1 y disparar\u00e1 un misil, ser\u00e1 derribado inmediatamente, y los chicos que acaban prisioneros dicen que es una verg\u00fcenza luchar all\u00ed&#8221; Grozni, 4 ago (SANA)\u00a0 El jefe de la rep\u00fablica rusa de Chechenia, Ramz\u00e1n Kad\u00fdrov, dijo hoy que Rusia ganar\u00e1 el conflicto con Ucrania este mismo a\u00f1o. Este a\u00f1o vamos a ganar al &hellip;<\/p>\n","protected":false},"author":31,"featured_media":335307,"comment_status":"closed","ping_status":"closed","sticky":false,"template":"","format":"standard","meta":{"footnotes":""},"categories":[597,456,16687,7541],"tags":[],"class_list":["post-335305","post","type-post","status-publish","format-standard","has-post-thumbnail","","category-cinta-de-noticias","category-arabe-internacional-politica","category-internacionales","category-ultimas-noticias"],"_links":{"self":[{"href":"https:\/\/archive.sana.sy\/es\/index.php?rest_route=\/wp\/v2\/posts\/335305"}],"collection":[{"href":"https:\/\/archive.sana.sy\/es\/index.php?rest_route=\/wp\/v2\/posts"}],"about":[{"href":"https:\/\/archive.sana.sy\/es\/index.php?rest_route=\/wp\/v2\/types\/post"}],"author":[{"embeddable":true,"href":"https:\/\/archive.sana.sy\/es\/index.php?rest_route=\/wp\/v2\/users\/31"}],"replies":[{"embeddable":true,"href":"https:\/\/archive.sana.sy\/es\/index.php?rest_route=%2Fwp%2Fv2%2Fcomments&post=335305"}],"version-history":[{"count":1,"href":"https:\/\/archive.sana.sy\/es\/index.php?rest_route=\/wp\/v2\/posts\/335305\/revisions"}],"predecessor-version":[{"id":335308,"href":"https:\/\/archive.sana.sy\/es\/index.php?rest_route=\/wp\/v2\/posts\/335305\/revisions\/335308"}],"wp:featuredmedia":[{"embeddable":true,"href":"https:\/\/archive.sana.sy\/es\/index.php?rest_route=\/wp\/v2\/media\/335307"}],"wp:attachment":[{"href":"https:\/\/archive.sana.sy\/es\/index.php?rest_route=%2Fwp%2Fv2%2Fmedia&parent=335305"}],"wp:term":[{"taxonomy":"category","embeddable":true,"href":"https:\/\/archive.sana.sy\/es\/index.php?rest_route=%2Fwp%2Fv2%2Fcategories&post=335305"},{"taxonomy":"post_tag","embeddable":true,"href":"https:\/\/archive.sana.sy\/es\/index.php?rest_route=%2Fwp%2Fv2%2Ftags&post=335305"}],"curies":[{"name":"wp","href":"https:\/\/api.w.org\/{rel}","templated":true}]}}