{"id":335397,"date":"2024-08-05T19:55:31","date_gmt":"2024-08-05T16:55:31","guid":{"rendered":"https:\/\/sana.sy\/es\/?p=335397"},"modified":"2024-08-05T20:44:50","modified_gmt":"2024-08-05T17:44:50","slug":"fuerzas-israelies-destruyen-tres-viviendas-en-cisjordania","status":"publish","type":"post","link":"https:\/\/archive.sana.sy\/es\/?p=335397","title":{"rendered":"Fuerzas israel\u00edes destruyen tres viviendas en Cisjordania"},"content":{"rendered":"<p style=\"text-align: justify;\"><span style=\"color: #800000;\"><strong>Jerusal\u00e9n ocupada, 5 ago (SANA)<\/strong><\/span> El ocupante israel\u00ed irrumpi\u00f3 hoy en dos localidades en Cisjordania donde dio \u00f3rdenes para la demolici\u00f3n de tres casas.<\/p>\n<p style=\"text-align: justify;\">\u201cLas fuerzas sionistas asaltaron las localidades de Al-Jalama en Jenin y Beit Jala en Bel\u00e9n, donde destruyeron tres residencias, adem\u00e1s de tapar un pozo de agua la zona de Masafer Yatta, al sur de Hebr\u00f3n\u201d, inform\u00f3 la agencia palestina de noticias Wafa.<\/p>\n<p style=\"text-align: justify;\">La Comisi\u00f3n Palestina de Resistencia al Muro y a la Colonizaci\u00f3n Israel\u00ed revel\u00f3 que el ej\u00e9rcito israel\u00ed demoli\u00f3 durante el mes pasado 76 viviendas y 59 instalaciones en Cisjordania el mes pasado.<\/p>\n<p>ahs\/rr<\/p>\n","protected":false},"excerpt":{"rendered":"<p>Jerusal\u00e9n ocupada, 5 ago (SANA) El ocupante israel\u00ed irrumpi\u00f3 hoy en dos localidades en Cisjordania donde dio \u00f3rdenes para la demolici\u00f3n de tres casas. \u201cLas fuerzas sionistas asaltaron las localidades de Al-Jalama en Jenin y Beit Jala en Bel\u00e9n, donde destruyeron tres residencias, adem\u00e1s de tapar un pozo de agua la zona de Masafer Yatta, &hellip;<\/p>\n","protected":false},"author":32,"featured_media":335398,"comment_status":"closed","ping_status":"closed","sticky":false,"template":"","format":"standard","meta":{"footnotes":""},"categories":[597,456,16687,20724],"tags":[],"class_list":["post-335397","post","type-post","status-publish","format-standard","has-post-thumbnail","","category-cinta-de-noticias","category-arabe-internacional-politica","category-internacionales","category-minuto-a-minuto"],"_links":{"self":[{"href":"https:\/\/archive.sana.sy\/es\/index.php?rest_route=\/wp\/v2\/posts\/335397"}],"collection":[{"href":"https:\/\/archive.sana.sy\/es\/index.php?rest_route=\/wp\/v2\/posts"}],"about":[{"href":"https:\/\/archive.sana.sy\/es\/index.php?rest_route=\/wp\/v2\/types\/post"}],"author":[{"embeddable":true,"href":"https:\/\/archive.sana.sy\/es\/index.php?rest_route=\/wp\/v2\/users\/32"}],"replies":[{"embeddable":true,"href":"https:\/\/archive.sana.sy\/es\/index.php?rest_route=%2Fwp%2Fv2%2Fcomments&post=335397"}],"version-history":[{"count":1,"href":"https:\/\/archive.sana.sy\/es\/index.php?rest_route=\/wp\/v2\/posts\/335397\/revisions"}],"predecessor-version":[{"id":335399,"href":"https:\/\/archive.sana.sy\/es\/index.php?rest_route=\/wp\/v2\/posts\/335397\/revisions\/335399"}],"wp:featuredmedia":[{"embeddable":true,"href":"https:\/\/archive.sana.sy\/es\/index.php?rest_route=\/wp\/v2\/media\/335398"}],"wp:attachment":[{"href":"https:\/\/archive.sana.sy\/es\/index.php?rest_route=%2Fwp%2Fv2%2Fmedia&parent=335397"}],"wp:term":[{"taxonomy":"category","embeddable":true,"href":"https:\/\/archive.sana.sy\/es\/index.php?rest_route=%2Fwp%2Fv2%2Fcategories&post=335397"},{"taxonomy":"post_tag","embeddable":true,"href":"https:\/\/archive.sana.sy\/es\/index.php?rest_route=%2Fwp%2Fv2%2Ftags&post=335397"}],"curies":[{"name":"wp","href":"https:\/\/api.w.org\/{rel}","templated":true}]}}