{"id":335400,"date":"2024-08-05T20:24:15","date_gmt":"2024-08-05T17:24:15","guid":{"rendered":"https:\/\/sana.sy\/es\/?p=335400"},"modified":"2024-08-05T20:44:35","modified_gmt":"2024-08-05T17:44:35","slug":"un-palestino-resulto-herido-por-disparos-del-ocupante-israeli-en-qalqilya","status":"publish","type":"post","link":"https:\/\/archive.sana.sy\/es\/?p=335400","title":{"rendered":"Un palestino result\u00f3 herido por disparos del ocupante israel\u00ed en Qalqilya"},"content":{"rendered":"<p style=\"text-align: justify;\"><span style=\"color: #800000;\"><strong>Jerusal\u00e9n ocupada, 5 Ago (SANA)<\/strong><\/span> Un palestino result\u00f3 herido hoy por disparos de las fuerzas de la ocupaci\u00f3n israel\u00edes en la aldea de Habla, al sur de la ciudad de Qalqilya en Cisjordania.<\/p>\n<p style=\"text-align: justify;\">La agencia de noticias palestina Wafa inform\u00f3 que las tropas israel\u00edes estacionadas cerca del muro del apartheid en la mencionada localidad dispararon a un joven y lo hirieron.<\/p>\n<p style=\"text-align: justify;\">Asimismo, una mujer palestina muri\u00f3 hoy a consecuencia de graves lesiones que hab\u00eda sufrido durante su arresto por las fuerzas sionistas en mayo pasado en la ciudad de Jenin.<\/p>\n<p style=\"text-align: justify;\">ahs\/rr<\/p>\n","protected":false},"excerpt":{"rendered":"<p>Jerusal\u00e9n ocupada, 5 Ago (SANA) Un palestino result\u00f3 herido hoy por disparos de las fuerzas de la ocupaci\u00f3n israel\u00edes en la aldea de Habla, al sur de la ciudad de Qalqilya en Cisjordania. La agencia de noticias palestina Wafa inform\u00f3 que las tropas israel\u00edes estacionadas cerca del muro del apartheid en la mencionada localidad dispararon &hellip;<\/p>\n","protected":false},"author":32,"featured_media":335401,"comment_status":"closed","ping_status":"closed","sticky":false,"template":"","format":"standard","meta":{"footnotes":""},"categories":[597,456,16687,20724],"tags":[],"class_list":["post-335400","post","type-post","status-publish","format-standard","has-post-thumbnail","","category-cinta-de-noticias","category-arabe-internacional-politica","category-internacionales","category-minuto-a-minuto"],"_links":{"self":[{"href":"https:\/\/archive.sana.sy\/es\/index.php?rest_route=\/wp\/v2\/posts\/335400"}],"collection":[{"href":"https:\/\/archive.sana.sy\/es\/index.php?rest_route=\/wp\/v2\/posts"}],"about":[{"href":"https:\/\/archive.sana.sy\/es\/index.php?rest_route=\/wp\/v2\/types\/post"}],"author":[{"embeddable":true,"href":"https:\/\/archive.sana.sy\/es\/index.php?rest_route=\/wp\/v2\/users\/32"}],"replies":[{"embeddable":true,"href":"https:\/\/archive.sana.sy\/es\/index.php?rest_route=%2Fwp%2Fv2%2Fcomments&post=335400"}],"version-history":[{"count":1,"href":"https:\/\/archive.sana.sy\/es\/index.php?rest_route=\/wp\/v2\/posts\/335400\/revisions"}],"predecessor-version":[{"id":335402,"href":"https:\/\/archive.sana.sy\/es\/index.php?rest_route=\/wp\/v2\/posts\/335400\/revisions\/335402"}],"wp:featuredmedia":[{"embeddable":true,"href":"https:\/\/archive.sana.sy\/es\/index.php?rest_route=\/wp\/v2\/media\/335401"}],"wp:attachment":[{"href":"https:\/\/archive.sana.sy\/es\/index.php?rest_route=%2Fwp%2Fv2%2Fmedia&parent=335400"}],"wp:term":[{"taxonomy":"category","embeddable":true,"href":"https:\/\/archive.sana.sy\/es\/index.php?rest_route=%2Fwp%2Fv2%2Fcategories&post=335400"},{"taxonomy":"post_tag","embeddable":true,"href":"https:\/\/archive.sana.sy\/es\/index.php?rest_route=%2Fwp%2Fv2%2Ftags&post=335400"}],"curies":[{"name":"wp","href":"https:\/\/api.w.org\/{rel}","templated":true}]}}