{"id":335403,"date":"2024-08-05T20:38:32","date_gmt":"2024-08-05T17:38:32","guid":{"rendered":"https:\/\/sana.sy\/es\/?p=335403"},"modified":"2024-08-05T20:38:32","modified_gmt":"2024-08-05T17:38:32","slug":"siria-y-argelia-abogan-por-fortalecer-cooperacion-cultural","status":"publish","type":"post","link":"https:\/\/archive.sana.sy\/es\/?p=335403","title":{"rendered":"Siria y Argelia abogan por fortalecer cooperaci\u00f3n cultural"},"content":{"rendered":"<p style=\"text-align: justify;\"><span style=\"color: #800000;\"><strong>Damasco, 5 ago (SANA)\u00a0<\/strong> <\/span>La ministra de Cultura, Lubana Mushawah, examin\u00f3 con el embajador de Argelia en Damasco, Kamal Abu Shama, las relaciones culturales entre los dos pa\u00edses hermanos.<\/p>\n<p style=\"text-align: justify;\">La reuni\u00f3n tuvo lugar en la sede del Ministerio de Cultura en Damasco.<\/p>\n<p style=\"text-align: justify;\">Las dos partes subrayaron la importancia del intercambio cultural entre las dos naciones y la necesidad de fomentarlo en los campos del arte, patrimonio y las antig\u00fcedades.<\/p>\n<p style=\"text-align: justify;\">rr<\/p>\n","protected":false},"excerpt":{"rendered":"<p>Damasco, 5 ago (SANA)\u00a0 La ministra de Cultura, Lubana Mushawah, examin\u00f3 con el embajador de Argelia en Damasco, Kamal Abu Shama, las relaciones culturales entre los dos pa\u00edses hermanos. La reuni\u00f3n tuvo lugar en la sede del Ministerio de Cultura en Damasco. Las dos partes subrayaron la importancia del intercambio cultural entre las dos naciones &hellip;<\/p>\n","protected":false},"author":31,"featured_media":335404,"comment_status":"closed","ping_status":"closed","sticky":false,"template":"","format":"standard","meta":{"footnotes":""},"categories":[597,467,7541],"tags":[],"class_list":["post-335403","post","type-post","status-publish","format-standard","has-post-thumbnail","","category-cinta-de-noticias","category-siria-y-el-mundo","category-ultimas-noticias"],"_links":{"self":[{"href":"https:\/\/archive.sana.sy\/es\/index.php?rest_route=\/wp\/v2\/posts\/335403"}],"collection":[{"href":"https:\/\/archive.sana.sy\/es\/index.php?rest_route=\/wp\/v2\/posts"}],"about":[{"href":"https:\/\/archive.sana.sy\/es\/index.php?rest_route=\/wp\/v2\/types\/post"}],"author":[{"embeddable":true,"href":"https:\/\/archive.sana.sy\/es\/index.php?rest_route=\/wp\/v2\/users\/31"}],"replies":[{"embeddable":true,"href":"https:\/\/archive.sana.sy\/es\/index.php?rest_route=%2Fwp%2Fv2%2Fcomments&post=335403"}],"version-history":[{"count":1,"href":"https:\/\/archive.sana.sy\/es\/index.php?rest_route=\/wp\/v2\/posts\/335403\/revisions"}],"predecessor-version":[{"id":335405,"href":"https:\/\/archive.sana.sy\/es\/index.php?rest_route=\/wp\/v2\/posts\/335403\/revisions\/335405"}],"wp:featuredmedia":[{"embeddable":true,"href":"https:\/\/archive.sana.sy\/es\/index.php?rest_route=\/wp\/v2\/media\/335404"}],"wp:attachment":[{"href":"https:\/\/archive.sana.sy\/es\/index.php?rest_route=%2Fwp%2Fv2%2Fmedia&parent=335403"}],"wp:term":[{"taxonomy":"category","embeddable":true,"href":"https:\/\/archive.sana.sy\/es\/index.php?rest_route=%2Fwp%2Fv2%2Fcategories&post=335403"},{"taxonomy":"post_tag","embeddable":true,"href":"https:\/\/archive.sana.sy\/es\/index.php?rest_route=%2Fwp%2Fv2%2Ftags&post=335403"}],"curies":[{"name":"wp","href":"https:\/\/api.w.org\/{rel}","templated":true}]}}