{"id":335407,"date":"2024-08-06T06:07:58","date_gmt":"2024-08-06T03:07:58","guid":{"rendered":"https:\/\/sana.sy\/es\/?p=335407"},"modified":"2024-08-06T06:07:58","modified_gmt":"2024-08-06T03:07:58","slug":"base-militar-de-eeuu-en-irak-es-atacada-con-cohetes-que-causaron-heridas-a-personal","status":"publish","type":"post","link":"https:\/\/archive.sana.sy\/es\/?p=335407","title":{"rendered":"Base militar de EEUU en Irak es atacada con cohetes que causaron heridas a personal"},"content":{"rendered":"<p style=\"text-align: justify;\"><span style=\"color: #800000;\"><strong>Bagdad, 6 ago (SANA)<\/strong> <\/span>Varios militares de Estados Unidos resultaron heridos tras un ataque con cohetes contra una base militar en Irak.<\/p>\n<p style=\"text-align: justify;\">De acuerdo con medios de prensa iraqu\u00edes, el ataque apunt\u00f3 contra las tropas del Pent\u00e1gono desplegadas en la base a\u00e9rea de Ain Al-Asad, donde seg\u00fan cifras iniciales, hubo al menos siete soldados heridos.<\/p>\n<p style=\"text-align: justify;\">Mientras tanto, funcionarios de defensa estadounidenses confirmaron a las agencias AP y AFP, as\u00ed como a CNN, que las tropas de la base a\u00e9rea de Ain al-Asad a\u00fan estaban evaluando los da\u00f1os.<\/p>\n<p style=\"text-align: justify;\">fm<\/p>\n","protected":false},"excerpt":{"rendered":"<p>Bagdad, 6 ago (SANA) Varios militares de Estados Unidos resultaron heridos tras un ataque con cohetes contra una base militar en Irak. De acuerdo con medios de prensa iraqu\u00edes, el ataque apunt\u00f3 contra las tropas del Pent\u00e1gono desplegadas en la base a\u00e9rea de Ain Al-Asad, donde seg\u00fan cifras iniciales, hubo al menos siete soldados heridos. &hellip;<\/p>\n","protected":false},"author":34,"featured_media":335408,"comment_status":"closed","ping_status":"closed","sticky":false,"template":"","format":"standard","meta":{"footnotes":""},"categories":[597,456,20724,583],"tags":[],"class_list":["post-335407","post","type-post","status-publish","format-standard","has-post-thumbnail","","category-cinta-de-noticias","category-arabe-internacional-politica","category-minuto-a-minuto","category-slide"],"_links":{"self":[{"href":"https:\/\/archive.sana.sy\/es\/index.php?rest_route=\/wp\/v2\/posts\/335407"}],"collection":[{"href":"https:\/\/archive.sana.sy\/es\/index.php?rest_route=\/wp\/v2\/posts"}],"about":[{"href":"https:\/\/archive.sana.sy\/es\/index.php?rest_route=\/wp\/v2\/types\/post"}],"author":[{"embeddable":true,"href":"https:\/\/archive.sana.sy\/es\/index.php?rest_route=\/wp\/v2\/users\/34"}],"replies":[{"embeddable":true,"href":"https:\/\/archive.sana.sy\/es\/index.php?rest_route=%2Fwp%2Fv2%2Fcomments&post=335407"}],"version-history":[{"count":1,"href":"https:\/\/archive.sana.sy\/es\/index.php?rest_route=\/wp\/v2\/posts\/335407\/revisions"}],"predecessor-version":[{"id":335409,"href":"https:\/\/archive.sana.sy\/es\/index.php?rest_route=\/wp\/v2\/posts\/335407\/revisions\/335409"}],"wp:featuredmedia":[{"embeddable":true,"href":"https:\/\/archive.sana.sy\/es\/index.php?rest_route=\/wp\/v2\/media\/335408"}],"wp:attachment":[{"href":"https:\/\/archive.sana.sy\/es\/index.php?rest_route=%2Fwp%2Fv2%2Fmedia&parent=335407"}],"wp:term":[{"taxonomy":"category","embeddable":true,"href":"https:\/\/archive.sana.sy\/es\/index.php?rest_route=%2Fwp%2Fv2%2Fcategories&post=335407"},{"taxonomy":"post_tag","embeddable":true,"href":"https:\/\/archive.sana.sy\/es\/index.php?rest_route=%2Fwp%2Fv2%2Ftags&post=335407"}],"curies":[{"name":"wp","href":"https:\/\/api.w.org\/{rel}","templated":true}]}}