{"id":335541,"date":"2024-08-08T11:33:11","date_gmt":"2024-08-08T08:33:11","guid":{"rendered":"https:\/\/sana.sy\/es\/?p=335541"},"modified":"2024-08-08T11:33:30","modified_gmt":"2024-08-08T08:33:30","slug":"maduro-denuncia-que-netanyahu-busca-desencadenar-una-guerra-en-todo-medio-oriente","status":"publish","type":"post","link":"https:\/\/archive.sana.sy\/es\/?p=335541","title":{"rendered":"Maduro denuncia que Netanyahu busca desencadenar una guerra en todo Medio Oriente"},"content":{"rendered":"<blockquote>\n<p style=\"text-align: justify;\"><span style=\"color: #800000;\">El mandatario destac\u00f3\u00a0que Netanyahu est\u00e1 recuperando la era de Hitler al intensificar la violencia hasta este punto y, por lo tanto, est\u00e1 conduciendo a su llamado Estado \u201cIsrael \u201c hacia la autodestrucci\u00f3n.<\/span><\/p>\n<\/blockquote>\n<p style=\"text-align: justify;\"><span style=\"color: #800000;\"><strong>Caracas ,\u00a0 8 ago (SANA)\u00a0<\/strong><\/span> El presidente de la Rep\u00fablica Bolivariana de Venezuela, Nicol\u00e1s Maduro Moros, alert\u00f3 a la comunidad internacional que el primer ministro de Israel, Benjam\u00edn Netanyahu busca escalar la situaci\u00f3n en todo Medio Oriente.<\/p>\n<p style=\"text-align: justify;\">\u201cNetanyahu intenta incitar una guerra que podr\u00eda tener serios efectos, sobre todo, el impacto que va a tener en medio de una econom\u00eda estadounidense y occidental en recesi\u00f3n\u201d denunci\u00f3.<\/p>\n<p style=\"text-align: justify;\">El mandatario destac\u00f3\u00a0que Netanyahu est\u00e1 recuperando la era de Hitler al intensificar la violencia hasta este punto y, por lo tanto, est\u00e1 conduciendo a su llamado Estado \u201cIsrael \u201c hacia la autodestrucci\u00f3n.<\/p>\n<p style=\"text-align: justify;\">Agreg\u00f3 que Netanyahu recibi\u00f3 apoyo de la \u00e9lite estadounidense\u00a0 tras la visita al pa\u00eds norteamericano,\u00a0 sin importar cu\u00e1n perjudiciales sean las consecuencias de estas acciones agresivas que pueden generar una posible escalada de conflictos en la regi\u00f3n.<\/p>\n<p style=\"text-align: justify;\">\u201cQuiz\u00e1s nos enfrentemos a una guerra a\u00fan m\u00e1s agresiva\u00a0 y violenta que la que est\u00e1 sucediendo en Gaza y Ucrania, porque no se puede subestimar la fuerza de las unidades militares en Siria, L\u00edbano, Yemen, Irak, Ir\u00e1n y otros\u201d , advirti\u00f3.<\/p>\n<p style=\"text-align: justify;\"><span style=\"color: #800000;\"><strong>ws\/fm<\/strong><\/span><\/p>\n","protected":false},"excerpt":{"rendered":"<p>El mandatario destac\u00f3\u00a0que Netanyahu est\u00e1 recuperando la era de Hitler al intensificar la violencia hasta este punto y, por lo tanto, est\u00e1 conduciendo a su llamado Estado \u201cIsrael \u201c hacia la autodestrucci\u00f3n. Caracas ,\u00a0 8 ago (SANA)\u00a0 El presidente de la Rep\u00fablica Bolivariana de Venezuela, Nicol\u00e1s Maduro Moros, alert\u00f3 a la comunidad internacional que el &hellip;<\/p>\n","protected":false},"author":35,"featured_media":335542,"comment_status":"closed","ping_status":"closed","sticky":false,"template":"","format":"standard","meta":{"footnotes":""},"categories":[597,456,16687,20724,7541],"tags":[],"class_list":["post-335541","post","type-post","status-publish","format-standard","has-post-thumbnail","","category-cinta-de-noticias","category-arabe-internacional-politica","category-internacionales","category-minuto-a-minuto","category-ultimas-noticias"],"_links":{"self":[{"href":"https:\/\/archive.sana.sy\/es\/index.php?rest_route=\/wp\/v2\/posts\/335541"}],"collection":[{"href":"https:\/\/archive.sana.sy\/es\/index.php?rest_route=\/wp\/v2\/posts"}],"about":[{"href":"https:\/\/archive.sana.sy\/es\/index.php?rest_route=\/wp\/v2\/types\/post"}],"author":[{"embeddable":true,"href":"https:\/\/archive.sana.sy\/es\/index.php?rest_route=\/wp\/v2\/users\/35"}],"replies":[{"embeddable":true,"href":"https:\/\/archive.sana.sy\/es\/index.php?rest_route=%2Fwp%2Fv2%2Fcomments&post=335541"}],"version-history":[{"count":1,"href":"https:\/\/archive.sana.sy\/es\/index.php?rest_route=\/wp\/v2\/posts\/335541\/revisions"}],"predecessor-version":[{"id":335543,"href":"https:\/\/archive.sana.sy\/es\/index.php?rest_route=\/wp\/v2\/posts\/335541\/revisions\/335543"}],"wp:featuredmedia":[{"embeddable":true,"href":"https:\/\/archive.sana.sy\/es\/index.php?rest_route=\/wp\/v2\/media\/335542"}],"wp:attachment":[{"href":"https:\/\/archive.sana.sy\/es\/index.php?rest_route=%2Fwp%2Fv2%2Fmedia&parent=335541"}],"wp:term":[{"taxonomy":"category","embeddable":true,"href":"https:\/\/archive.sana.sy\/es\/index.php?rest_route=%2Fwp%2Fv2%2Fcategories&post=335541"},{"taxonomy":"post_tag","embeddable":true,"href":"https:\/\/archive.sana.sy\/es\/index.php?rest_route=%2Fwp%2Fv2%2Ftags&post=335541"}],"curies":[{"name":"wp","href":"https:\/\/api.w.org\/{rel}","templated":true}]}}