{"id":335545,"date":"2024-08-08T14:35:11","date_gmt":"2024-08-08T11:35:11","guid":{"rendered":"https:\/\/sana.sy\/es\/?p=335545"},"modified":"2024-08-08T14:35:11","modified_gmt":"2024-08-08T11:35:11","slug":"el-ocupante-israeli-asesina-e-hiere-a-decenas-de-palestinos-en-varias-localidades-de-gaza","status":"publish","type":"post","link":"https:\/\/archive.sana.sy\/es\/?p=335545","title":{"rendered":"El ocupante israel\u00ed asesina e hiere a decenas de palestinos en varias localidades de Gaza"},"content":{"rendered":"<p style=\"text-align: justify;\"><strong><span style=\"color: #800000;\">Jerusal\u00e9n ocupada, 08 ago (SANA)<\/span> <\/strong>El Ministerio de Salud palestino anunci\u00f3 que durante las \u00faltimas 24 horas, las fuerzas del ocupante israel\u00ed cometieron 4 masacres en la Franja de Gaza, dejando muertas a 22 personas y heridas a otras 77.<\/p>\n<p style=\"text-align: justify;\">La referida entidad declar\u00f3 mediante un comunicado que el n\u00famero de v\u00edctimas de la actual agresi\u00f3n de ocupaci\u00f3n en la Franja de Gaza durante el 307 d\u00edas consecutivos, aument\u00f3 a 39.699 muertos y 91.722 heridos.<\/p>\n<p style=\"text-align: justify;\">Agreg\u00f3 que numerosas v\u00edctimas a\u00fan se encuentran bajo los escombros y en las carreteras, y las ambulancias y equipos de defensa civil no pueden llegar hasta ellas.<\/p>\n<p style=\"text-align: justify;\">Asimismo, 15 palestinos fueron asesinados y otros resultaron heridos en una nueva masacre cometida por parte del ocupante sionista al bombardear varias viviendas en el campo de refugiados de Bureij, en el centro de la Franja de Gaza.<\/p>\n<p style=\"text-align: justify;\">sm<\/p>\n","protected":false},"excerpt":{"rendered":"<p>Jerusal\u00e9n ocupada, 08 ago (SANA) El Ministerio de Salud palestino anunci\u00f3 que durante las \u00faltimas 24 horas, las fuerzas del ocupante israel\u00ed cometieron 4 masacres en la Franja de Gaza, dejando muertas a 22 personas y heridas a otras 77. La referida entidad declar\u00f3 mediante un comunicado que el n\u00famero de v\u00edctimas de la actual &hellip;<\/p>\n","protected":false},"author":39,"featured_media":335546,"comment_status":"closed","ping_status":"closed","sticky":false,"template":"","format":"standard","meta":{"footnotes":""},"categories":[597,456,16687,20724,583],"tags":[],"class_list":["post-335545","post","type-post","status-publish","format-standard","has-post-thumbnail","","category-cinta-de-noticias","category-arabe-internacional-politica","category-internacionales","category-minuto-a-minuto","category-slide"],"_links":{"self":[{"href":"https:\/\/archive.sana.sy\/es\/index.php?rest_route=\/wp\/v2\/posts\/335545"}],"collection":[{"href":"https:\/\/archive.sana.sy\/es\/index.php?rest_route=\/wp\/v2\/posts"}],"about":[{"href":"https:\/\/archive.sana.sy\/es\/index.php?rest_route=\/wp\/v2\/types\/post"}],"author":[{"embeddable":true,"href":"https:\/\/archive.sana.sy\/es\/index.php?rest_route=\/wp\/v2\/users\/39"}],"replies":[{"embeddable":true,"href":"https:\/\/archive.sana.sy\/es\/index.php?rest_route=%2Fwp%2Fv2%2Fcomments&post=335545"}],"version-history":[{"count":1,"href":"https:\/\/archive.sana.sy\/es\/index.php?rest_route=\/wp\/v2\/posts\/335545\/revisions"}],"predecessor-version":[{"id":335547,"href":"https:\/\/archive.sana.sy\/es\/index.php?rest_route=\/wp\/v2\/posts\/335545\/revisions\/335547"}],"wp:featuredmedia":[{"embeddable":true,"href":"https:\/\/archive.sana.sy\/es\/index.php?rest_route=\/wp\/v2\/media\/335546"}],"wp:attachment":[{"href":"https:\/\/archive.sana.sy\/es\/index.php?rest_route=%2Fwp%2Fv2%2Fmedia&parent=335545"}],"wp:term":[{"taxonomy":"category","embeddable":true,"href":"https:\/\/archive.sana.sy\/es\/index.php?rest_route=%2Fwp%2Fv2%2Fcategories&post=335545"},{"taxonomy":"post_tag","embeddable":true,"href":"https:\/\/archive.sana.sy\/es\/index.php?rest_route=%2Fwp%2Fv2%2Ftags&post=335545"}],"curies":[{"name":"wp","href":"https:\/\/api.w.org\/{rel}","templated":true}]}}