{"id":335548,"date":"2024-08-08T15:14:08","date_gmt":"2024-08-08T12:14:08","guid":{"rendered":"https:\/\/sana.sy\/es\/?p=335548"},"modified":"2024-08-08T15:14:08","modified_gmt":"2024-08-08T12:14:08","slug":"ejercito-ruso-repele-ataques-de-las-tropas-de-kiev-y-neutraliza-a-cientos-de-militares-ucranianos","status":"publish","type":"post","link":"https:\/\/archive.sana.sy\/es\/?p=335548","title":{"rendered":"Ej\u00e9rcito ruso repele ataques de las tropas de Kiev y neutraliza a cientos de militares ucranianos"},"content":{"rendered":"<p style=\"text-align: justify;\"><span style=\"color: #800000;\"><strong>Mosc\u00fa, 08 ago (SANA)\u00a0<\/strong> <\/span>\u00a0Las fuerzas rusas, en cooperaci\u00f3n con miembros del Servicio Federal de Seguridad de Rusia, continuaron enfrent\u00e1ndose a las fuerzas del r\u00e9gimen ucraniano que atacaron las regiones de Sudzhinsky y Korynevsky en la regi\u00f3n de Kursk, directamente adyacente a la frontera ruso-ucraniana.<\/p>\n<p style=\"text-align: justify;\">\u201cLas tropas rusas que cubren las fronteras de Rusia repelieron el avance de las fuerzas enemigas ucranianas, llevaron a cabo ataques con fuego contra ellas y detuvieron su intento de penetrar la regi\u00f3n en direcci\u00f3n a Kursk\u201d, anunci\u00f3 el Ministerio de Defensa ruso hoy mediante un comunicado.<\/p>\n<p style=\"text-align: justify;\">Se\u00f1al\u00f3 que las fuerzas rusas efectuaron ataques a\u00e9reos contra las reservas avanzadas de las fuerzas ucranianas en la regi\u00f3n de Sumy.<\/p>\n<p style=\"text-align: justify;\">Asimismo, el Ministerio detall\u00f3 que durante las 24 horas las fuerzas ucranianas perdieron 400 soldados y 32 veh\u00edculos blindados, incluidos tanques, 4 veh\u00edculos blindados de transporte de tropas, 3 veh\u00edculos de combate de infanter\u00eda y 24 veh\u00edculos blindados de combate.<\/p>\n<p style=\"text-align: justify;\">La referida entidad castrense explic\u00f3 que las p\u00e9rdidas totales de las fuerzas ucranianas desde el inicio del ataque terrorista contra Kursk, hace dos d\u00edas, ascendieron a 660 militares y 82 veh\u00edculos blindados, incluidos 8 tanques, 12 veh\u00edculos blindados de transporte de tropas, 6 veh\u00edculos de combate de infanter\u00eda y 55 veh\u00edculos blindados de combate y un veh\u00edculo de ingenier\u00eda.<\/p>\n<p>sm<\/p>\n","protected":false},"excerpt":{"rendered":"<p>Mosc\u00fa, 08 ago (SANA)\u00a0 \u00a0Las fuerzas rusas, en cooperaci\u00f3n con miembros del Servicio Federal de Seguridad de Rusia, continuaron enfrent\u00e1ndose a las fuerzas del r\u00e9gimen ucraniano que atacaron las regiones de Sudzhinsky y Korynevsky en la regi\u00f3n de Kursk, directamente adyacente a la frontera ruso-ucraniana. \u201cLas tropas rusas que cubren las fronteras de Rusia repelieron &hellip;<\/p>\n","protected":false},"author":39,"featured_media":335549,"comment_status":"closed","ping_status":"closed","sticky":false,"template":"","format":"standard","meta":{"footnotes":""},"categories":[597,456,16687,20724,583],"tags":[],"class_list":["post-335548","post","type-post","status-publish","format-standard","has-post-thumbnail","","category-cinta-de-noticias","category-arabe-internacional-politica","category-internacionales","category-minuto-a-minuto","category-slide"],"_links":{"self":[{"href":"https:\/\/archive.sana.sy\/es\/index.php?rest_route=\/wp\/v2\/posts\/335548"}],"collection":[{"href":"https:\/\/archive.sana.sy\/es\/index.php?rest_route=\/wp\/v2\/posts"}],"about":[{"href":"https:\/\/archive.sana.sy\/es\/index.php?rest_route=\/wp\/v2\/types\/post"}],"author":[{"embeddable":true,"href":"https:\/\/archive.sana.sy\/es\/index.php?rest_route=\/wp\/v2\/users\/39"}],"replies":[{"embeddable":true,"href":"https:\/\/archive.sana.sy\/es\/index.php?rest_route=%2Fwp%2Fv2%2Fcomments&post=335548"}],"version-history":[{"count":1,"href":"https:\/\/archive.sana.sy\/es\/index.php?rest_route=\/wp\/v2\/posts\/335548\/revisions"}],"predecessor-version":[{"id":335550,"href":"https:\/\/archive.sana.sy\/es\/index.php?rest_route=\/wp\/v2\/posts\/335548\/revisions\/335550"}],"wp:featuredmedia":[{"embeddable":true,"href":"https:\/\/archive.sana.sy\/es\/index.php?rest_route=\/wp\/v2\/media\/335549"}],"wp:attachment":[{"href":"https:\/\/archive.sana.sy\/es\/index.php?rest_route=%2Fwp%2Fv2%2Fmedia&parent=335548"}],"wp:term":[{"taxonomy":"category","embeddable":true,"href":"https:\/\/archive.sana.sy\/es\/index.php?rest_route=%2Fwp%2Fv2%2Fcategories&post=335548"},{"taxonomy":"post_tag","embeddable":true,"href":"https:\/\/archive.sana.sy\/es\/index.php?rest_route=%2Fwp%2Fv2%2Ftags&post=335548"}],"curies":[{"name":"wp","href":"https:\/\/api.w.org\/{rel}","templated":true}]}}