{"id":335551,"date":"2024-08-08T15:54:56","date_gmt":"2024-08-08T12:54:56","guid":{"rendered":"https:\/\/sana.sy\/es\/?p=335551"},"modified":"2024-08-08T16:02:55","modified_gmt":"2024-08-08T13:02:55","slug":"mueren-cuatro-civiles-en-ataques-ucranianos-a-la-region-rusa-de-kursk","status":"publish","type":"post","link":"https:\/\/archive.sana.sy\/es\/?p=335551","title":{"rendered":"Cuatro civiles mueren y decenas resultan heridos en ataques ucranianos a la regi\u00f3n rusa de Kursk"},"content":{"rendered":"<p style=\"text-align: justify;\"><span style=\"color: #800000;\"><strong>Mosc\u00fa, 08 ago (SANA)\u00a0 <\/strong><\/span>Cuatro personas perdieron la vida a ra\u00edz de los recientes ataques ucranianos a la provincia rusa de Kursk, seg\u00fan el vicegobernador en funciones de la regi\u00f3n, Andr\u00e9i Belostotski.<\/p>\n<p style=\"text-align: justify;\">&#8220;Desafortunadamente, hay v\u00edctimas. Por desgracia, tambi\u00e9n hay muertos, cuatro personas&#8221;, dijo el funcionario ruso al Canal 1 de la televisi\u00f3n rusa.<\/p>\n<p style=\"text-align: justify;\">Agreg\u00f3 que los heridos est\u00e1n recibiendo la asistencia m\u00e9dica que necesitan.<\/p>\n<p style=\"text-align: justify;\">Asimismo inform\u00f3 que por ahora unos 3.000 ciudadanos han sido evacuados de las zonas fronterizas de la provincia de Kursk.<\/p>\n<p style=\"text-align: justify;\">Adem\u00e1s, asegur\u00f3 que la situaci\u00f3n sobre el terreno es estable y bajo control, con un cuartel general que funciona las 24 horas del d\u00eda.<\/p>\n<p style=\"text-align: justify;\">sm<\/p>\n","protected":false},"excerpt":{"rendered":"<p>Mosc\u00fa, 08 ago (SANA)\u00a0 Cuatro personas perdieron la vida a ra\u00edz de los recientes ataques ucranianos a la provincia rusa de Kursk, seg\u00fan el vicegobernador en funciones de la regi\u00f3n, Andr\u00e9i Belostotski. &#8220;Desafortunadamente, hay v\u00edctimas. Por desgracia, tambi\u00e9n hay muertos, cuatro personas&#8221;, dijo el funcionario ruso al Canal 1 de la televisi\u00f3n rusa. Agreg\u00f3 que &hellip;<\/p>\n","protected":false},"author":39,"featured_media":335552,"comment_status":"closed","ping_status":"closed","sticky":false,"template":"","format":"standard","meta":{"footnotes":""},"categories":[597,456,16687,20724,7541],"tags":[],"class_list":["post-335551","post","type-post","status-publish","format-standard","has-post-thumbnail","","category-cinta-de-noticias","category-arabe-internacional-politica","category-internacionales","category-minuto-a-minuto","category-ultimas-noticias"],"_links":{"self":[{"href":"https:\/\/archive.sana.sy\/es\/index.php?rest_route=\/wp\/v2\/posts\/335551"}],"collection":[{"href":"https:\/\/archive.sana.sy\/es\/index.php?rest_route=\/wp\/v2\/posts"}],"about":[{"href":"https:\/\/archive.sana.sy\/es\/index.php?rest_route=\/wp\/v2\/types\/post"}],"author":[{"embeddable":true,"href":"https:\/\/archive.sana.sy\/es\/index.php?rest_route=\/wp\/v2\/users\/39"}],"replies":[{"embeddable":true,"href":"https:\/\/archive.sana.sy\/es\/index.php?rest_route=%2Fwp%2Fv2%2Fcomments&post=335551"}],"version-history":[{"count":2,"href":"https:\/\/archive.sana.sy\/es\/index.php?rest_route=\/wp\/v2\/posts\/335551\/revisions"}],"predecessor-version":[{"id":335554,"href":"https:\/\/archive.sana.sy\/es\/index.php?rest_route=\/wp\/v2\/posts\/335551\/revisions\/335554"}],"wp:featuredmedia":[{"embeddable":true,"href":"https:\/\/archive.sana.sy\/es\/index.php?rest_route=\/wp\/v2\/media\/335552"}],"wp:attachment":[{"href":"https:\/\/archive.sana.sy\/es\/index.php?rest_route=%2Fwp%2Fv2%2Fmedia&parent=335551"}],"wp:term":[{"taxonomy":"category","embeddable":true,"href":"https:\/\/archive.sana.sy\/es\/index.php?rest_route=%2Fwp%2Fv2%2Fcategories&post=335551"},{"taxonomy":"post_tag","embeddable":true,"href":"https:\/\/archive.sana.sy\/es\/index.php?rest_route=%2Fwp%2Fv2%2Ftags&post=335551"}],"curies":[{"name":"wp","href":"https:\/\/api.w.org\/{rel}","templated":true}]}}